{"id":12928,"date":"2016-04-13T17:02:31","date_gmt":"2016-04-13T15:02:31","guid":{"rendered":"http:\/\/blog.bedandbreakfast.nl\/eigenaren\/?p=12928"},"modified":"2016-11-07T15:45:36","modified_gmt":"2016-11-07T14:45:36","slug":"bed-en-breakfast-inspiratie-droomstart-voor-bb-het-raadhuys","status":"publish","type":"post","link":"https:\/\/blog.bedandbreakfast.nl\/eigenaren\/bed-en-breakfast-inspiratie-droomstart-voor-bb-het-raadhuys\/","title":{"rendered":"B&#038;B-inspiratie: Design B&#038;B Het Raadhuys maakt droomstart"},"content":{"rendered":"<div id=\"attachment_12019\" style=\"width: 820px\" class=\"wp-caption alignnone\"><a href=\"https:\/\/www.bedandbreakfast.nl\/bed-and-breakfast-nl\/kessel\/design-b-b-het-raadhuys\/62677\/\" target=\"_blank\" rel=\"attachment wp-att-12019\"><img loading=\"lazy\" decoding=\"async\" aria-describedby=\"caption-attachment-12019\" class=\"wp-image-12019 size-full\" title=\"Design B&amp;B Het Raadhuys\" src=\"http:\/\/blog.bedandbreakfast.nl\/wp-content\/uploads\/2016\/04\/62677_fronta.png\" alt=\"KRO-NCRV\" width=\"810\" height=\"450\" \/><\/a><p id=\"caption-attachment-12019\" class=\"wp-caption-text\">Design B&amp;B Het Raadhuys is een monumentaal pand in het Limburgse Kessel.<\/p><\/div>\n<p><strong>BinnensteBuiten KRO-NCRV<\/strong><br \/>\nHet tv-programma BinnensteBuiten van KRO-NCRV biedt een kijkje binnens- en buitenshuis, waarbij mensen vol liefde en op een inspirerende manier vertellen over hun bijzondere woning, opvallende interieur of indrukwekkende tuin. Een omschrijving die naadloos aansluit op hetgeen <a href=\"https:\/\/www.bedandbreakfast.nl\/bed-and-breakfast-nl\/kessel\/design-b-b-het-raadhuys\/62677\/\">Design B&amp;B Het Raadhuys<\/a> biedt. Het woonhuis en de B&amp;B van Theo en Marij zijn namelijk geheel ontworpen \u00e9n ingericht door hun dochter Kim, die nog maar net was afgestudeerd.<\/p>\n<div id=\"attachment_12015\" style=\"width: 820px\" class=\"wp-caption alignnone\"><a href=\"https:\/\/www.bedandbreakfast.nl\/bed-and-breakfast-nl\/kessel\/design-b-b-het-raadhuys\/62677\/\" target=\"_blank\" rel=\"attachment wp-att-12015\"><img loading=\"lazy\" decoding=\"async\" aria-describedby=\"caption-attachment-12015\" class=\"wp-image-12015 size-full\" title=\"Bed &amp; Breakfast Het Raadhuys\" src=\"http:\/\/blog.bedandbreakfast.nl\/wp-content\/uploads\/2016\/04\/62677_slaapkamer.png\" alt=\"design\" width=\"810\" height=\"450\" \/><\/a><p id=\"caption-attachment-12015\" class=\"wp-caption-text\">Het was voor Kim haar eerste architectenklus, maar het resultaat is verbluffend:\u00a0stijlvol modern met oog voor de oude details.<\/p><\/div>\n<p><strong>Dubbelrol<\/strong><br \/>\nHet <a href=\"http:\/\/binnenstebuiten.kro-ncrv.nl\/fragmenten\/raadhuis\" target=\"_blank\">videofragment<\/a>\u00a0toont op mooie wijze de band tussen Kim en haar ouders, waarbij er veel aandacht is voor het gemoderniseerde, monumentale raadhuis van Kessel. &#8220;Het is een kans, \u00e9\u00e9n keer in je leven, dat je dit samen kunt doen met z&#8217;n drie\u00ebn,&#8221; vertelt Theo in het programma. &#8220;Maar het is ook een uitdaging om met je ouders een opdracht aan te gaan,&#8221; vult Kim aan. &#8220;Want enerzijds heb je de rol als dochter en anderzijds als architect.&#8221;<\/p>\n<div id=\"attachment_12013\" style=\"width: 820px\" class=\"wp-caption alignnone\"><a href=\"https:\/\/www.bedandbreakfast.nl\/bed-and-breakfast-nl\/kessel\/design-b-b-het-raadhuys\/62677\/\" target=\"_blank\" rel=\"attachment wp-att-12013\"><img loading=\"lazy\" decoding=\"async\" aria-describedby=\"caption-attachment-12013\" class=\"wp-image-12013 size-full\" title=\"B&amp;B Het Raadhuys\" src=\"http:\/\/blog.bedandbreakfast.nl\/wp-content\/uploads\/2016\/04\/62677_ontbijt.png\" alt=\"televisie programma\" width=\"810\" height=\"450\" \/><\/a><p id=\"caption-attachment-12013\" class=\"wp-caption-text\">De gasten van Design B&amp;B Het Raadhuys worden flink in de watten gelegd door gastvrouw Marij.<\/p><\/div>\n<p><strong>Bed &amp; Breakfast Het Raadhuys<\/strong><br \/>\nNa jaren voor de kinderen te hebben gezorgd, besloot het gezin om de droom van Marij na te jagen. In BinnensteBuiten vertelt Marij stralend: &#8220;Het was mijn droom om iets voor mijzelf te beginnen, waarbij ik gasten kon verwennen. We zijn denk ik wel tien jaar lang op zoek geweest naar de juiste locatie en uiteindelijk hier geland.&#8221; Een mooie keuze die ongetwijfeld in de smaak zal vallen bij vele gasten; zij kunnen kiezen uit vier stijlvolle gastenkamers, die voorzien zijn van alle luxe en comfort.<\/p>\n<div id=\"attachment_12017\" style=\"width: 820px\" class=\"wp-caption alignnone\"><a href=\"https:\/\/www.bedandbreakfast.nl\/bed-and-breakfast-nl\/kessel\/design-b-b-het-raadhuys\/62677\/\" target=\"_blank\" rel=\"attachment wp-att-12017\"><img loading=\"lazy\" decoding=\"async\" aria-describedby=\"caption-attachment-12017\" class=\"wp-image-12017 size-full\" title=\"Design Bed &amp; Breakfast Het Raadhuys\" src=\"http:\/\/blog.bedandbreakfast.nl\/wp-content\/uploads\/2016\/04\/62677_terras.png\" alt=\"KRO\" width=\"810\" height=\"450\" \/><\/a><p id=\"caption-attachment-12017\" class=\"wp-caption-text\">Het terras van Design B&amp;B Het Raadhuys biedt een schitterend uitzicht over de Maas.<\/p><\/div>\n<p><strong>Meer bed en breakfast inspiratie<\/strong><br \/>\nGa jij net als Theo en Marij je droom najagen en een B&amp;B beginnen? Of run je al een bed and breakfast en vind je het leuk om te zien\u00a0waarom anderen\u00a0zijn begonnen met hun kleinschalige logiesvorm? <a href=\"https:\/\/www.bedandbreakfast.nl\/\" target=\"_blank\">Bedandbreakfast.nl<\/a> verzamelde eerder al een reeks <a href=\"http:\/\/blog.bedandbreakfast.nl\/eigenaren\/2015\/02\/12\/waarom-ben-jij-een-bed-breakfast-begonnen\/\" target=\"_blank\">mooie verhalen<\/a> van ervaren B&amp;B-eigenaren. Laat je inspireren en geef je eigen invulling aan het fenomeen <em>Bed &amp; Breakfast<\/em>.<\/p>\n","protected":false},"excerpt":{"rendered":"<p>Design B&amp;B Het Raadhuys\u00a0is pas sinds juni\u00a02015 geopend en nu al geclassificeerd met 5 kwaliteitstulpen. Bovendien\u00a0verscheen de accommodatie van Theo en Marij Peeters in diverse woonmagazines, kranten en zelfs op nationale televisie bij KRO-NCRV; een ware droomstart!<\/p>\n","protected":false},"author":8,"featured_media":12930,"comment_status":"open","ping_status":"closed","sticky":false,"template":"","format":"standard","meta":{"_monsterinsights_skip_tracking":false,"_monsterinsights_sitenote_active":false,"_monsterinsights_sitenote_note":"","_monsterinsights_sitenote_category":0,"jetpack_post_was_ever_published":false,"_jetpack_newsletter_access":"","_jetpack_dont_email_post_to_subs":false,"_jetpack_newsletter_tier_id":0,"_jetpack_memberships_contains_paywalled_content":false,"_jetpack_memberships_contains_paid_content":false,"footnotes":"","jetpack_publicize_message":"","jetpack_publicize_feature_enabled":true,"jetpack_social_post_already_shared":true,"jetpack_social_options":{"image_generator_settings":{"template":"highway","default_image_id":0,"font":"","enabled":false},"version":2}},"categories":[68],"tags":[265,266,98,881,882,899,867,883,141,58,268,561],"coauthors":[480],"class_list":["post-12928","post","type-post","status-publish","format-standard","has-post-thumbnail","hentry","category-bb-starten","tag-bb-beginnen","tag-bb-starten","tag-bed-breakfast-starten-2","tag-inspiratie","tag-kro-ncrv","tag-news_mei2016_4","tag-npo","tag-starter_apr16","tag-televisie","tag-tv","tag-tv-programma","tag-video"],"yoast_head":"<!-- This site is optimized with the Yoast SEO plugin v27.5 - https:\/\/yoast.com\/product\/yoast-seo-wordpress\/ -->\n<title>Bed en breakfast inspiratie: droomstart voor B&amp;B Het Raadhuys<\/title>\n<meta name=\"description\" content=\"Op zoek naar bed en breakfast inspiratie voor het starten van je eigen B&amp;B? Bekijk het videofragment van Design B&amp;B Het Raadhuys met hun droomstart op tv!\" \/>\n<meta name=\"robots\" content=\"index, follow, max-snippet:-1, max-image-preview:large, max-video-preview:-1\" \/>\n<link rel=\"canonical\" href=\"https:\/\/blog.bedandbreakfast.nl\/eigenaren\/bed-en-breakfast-inspiratie-droomstart-voor-bb-het-raadhuys\/\" \/>\n<meta property=\"og:locale\" content=\"nl_NL\" \/>\n<meta property=\"og:type\" content=\"article\" \/>\n<meta property=\"og:title\" content=\"Bed en breakfast inspiratie: droomstart voor B&amp;B Het Raadhuys\" \/>\n<meta property=\"og:description\" content=\"Op zoek naar bed en breakfast inspiratie voor het starten van je eigen B&amp;B? Bekijk het videofragment van Design B&amp;B Het Raadhuys met hun droomstart op tv!\" \/>\n<meta property=\"og:url\" content=\"https:\/\/blog.bedandbreakfast.nl\/eigenaren\/bed-en-breakfast-inspiratie-droomstart-voor-bb-het-raadhuys\/\" \/>\n<meta property=\"og:site_name\" content=\"Bed and Breakfast Nieuws | Blog voor B&amp;B Eigenaren\" \/>\n<meta property=\"article:published_time\" content=\"2016-04-13T15:02:31+00:00\" \/>\n<meta property=\"article:modified_time\" content=\"2016-11-07T14:45:36+00:00\" \/>\n<meta property=\"og:image\" content=\"https:\/\/blog.bedandbreakfast.nl\/eigenaren\/wp-content\/uploads\/2016\/04\/Header_kro.png\" \/>\n\t<meta property=\"og:image:width\" content=\"1000\" \/>\n\t<meta property=\"og:image:height\" content=\"750\" \/>\n\t<meta property=\"og:image:type\" content=\"image\/png\" \/>\n<meta name=\"author\" content=\"Josjah Thalen\" \/>\n<meta name=\"twitter:label1\" content=\"Geschreven door\" \/>\n\t<meta name=\"twitter:data1\" content=\"Josjah Thalen\" \/>\n\t<meta name=\"twitter:label2\" content=\"Geschatte leestijd\" \/>\n\t<meta name=\"twitter:data2\" content=\"2 minuten\" \/>\n\t<meta name=\"twitter:label3\" content=\"Written by\" \/>\n\t<meta name=\"twitter:data3\" content=\"Josjah Thalen\" \/>\n<script type=\"application\/ld+json\" class=\"yoast-schema-graph\">{\"@context\":\"https:\\\/\\\/schema.org\",\"@graph\":[{\"@type\":\"Article\",\"@id\":\"https:\\\/\\\/blog.bedandbreakfast.nl\\\/eigenaren\\\/bed-en-breakfast-inspiratie-droomstart-voor-bb-het-raadhuys\\\/#article\",\"isPartOf\":{\"@id\":\"https:\\\/\\\/blog.bedandbreakfast.nl\\\/eigenaren\\\/bed-en-breakfast-inspiratie-droomstart-voor-bb-het-raadhuys\\\/\"},\"author\":{\"name\":\"Josjah Thalen\",\"@id\":\"https:\\\/\\\/blog.bedandbreakfast.nl\\\/eigenaren\\\/#\\\/schema\\\/person\\\/d7a54feebce45950423d228c3f62ce29\"},\"headline\":\"B&#038;B-inspiratie: Design B&#038;B Het Raadhuys maakt droomstart\",\"datePublished\":\"2016-04-13T15:02:31+00:00\",\"dateModified\":\"2016-11-07T14:45:36+00:00\",\"mainEntityOfPage\":{\"@id\":\"https:\\\/\\\/blog.bedandbreakfast.nl\\\/eigenaren\\\/bed-en-breakfast-inspiratie-droomstart-voor-bb-het-raadhuys\\\/\"},\"wordCount\":423,\"commentCount\":0,\"image\":{\"@id\":\"https:\\\/\\\/blog.bedandbreakfast.nl\\\/eigenaren\\\/bed-en-breakfast-inspiratie-droomstart-voor-bb-het-raadhuys\\\/#primaryimage\"},\"thumbnailUrl\":\"https:\\\/\\\/blog.bedandbreakfast.nl\\\/eigenaren\\\/wp-content\\\/uploads\\\/2016\\\/04\\\/Header_kro.png\",\"keywords\":[\"B&amp;B beginnen\",\"B&amp;B starten\",\"bed &amp; breakfast starten\",\"inspiratie\",\"KRO-NCRV\",\"news_mei2016_4\",\"npo\",\"starter_apr16\",\"televisie\",\"tv\",\"tv-programma\",\"video\"],\"articleSection\":[\"B&amp;B starten\"],\"inLanguage\":\"nl-NL\",\"potentialAction\":[{\"@type\":\"CommentAction\",\"name\":\"Comment\",\"target\":[\"https:\\\/\\\/blog.bedandbreakfast.nl\\\/eigenaren\\\/bed-en-breakfast-inspiratie-droomstart-voor-bb-het-raadhuys\\\/#respond\"]}]},{\"@type\":\"WebPage\",\"@id\":\"https:\\\/\\\/blog.bedandbreakfast.nl\\\/eigenaren\\\/bed-en-breakfast-inspiratie-droomstart-voor-bb-het-raadhuys\\\/\",\"url\":\"https:\\\/\\\/blog.bedandbreakfast.nl\\\/eigenaren\\\/bed-en-breakfast-inspiratie-droomstart-voor-bb-het-raadhuys\\\/\",\"name\":\"Bed en breakfast inspiratie: droomstart voor B&B Het Raadhuys\",\"isPartOf\":{\"@id\":\"https:\\\/\\\/blog.bedandbreakfast.nl\\\/eigenaren\\\/#website\"},\"primaryImageOfPage\":{\"@id\":\"https:\\\/\\\/blog.bedandbreakfast.nl\\\/eigenaren\\\/bed-en-breakfast-inspiratie-droomstart-voor-bb-het-raadhuys\\\/#primaryimage\"},\"image\":{\"@id\":\"https:\\\/\\\/blog.bedandbreakfast.nl\\\/eigenaren\\\/bed-en-breakfast-inspiratie-droomstart-voor-bb-het-raadhuys\\\/#primaryimage\"},\"thumbnailUrl\":\"https:\\\/\\\/blog.bedandbreakfast.nl\\\/eigenaren\\\/wp-content\\\/uploads\\\/2016\\\/04\\\/Header_kro.png\",\"datePublished\":\"2016-04-13T15:02:31+00:00\",\"dateModified\":\"2016-11-07T14:45:36+00:00\",\"author\":{\"@id\":\"https:\\\/\\\/blog.bedandbreakfast.nl\\\/eigenaren\\\/#\\\/schema\\\/person\\\/d7a54feebce45950423d228c3f62ce29\"},\"description\":\"Op zoek naar bed en breakfast inspiratie voor het starten van je eigen B&B? Bekijk het videofragment van Design B&B Het Raadhuys met hun droomstart op tv!\",\"inLanguage\":\"nl-NL\",\"potentialAction\":[{\"@type\":\"ReadAction\",\"target\":[\"https:\\\/\\\/blog.bedandbreakfast.nl\\\/eigenaren\\\/bed-en-breakfast-inspiratie-droomstart-voor-bb-het-raadhuys\\\/\"]}]},{\"@type\":\"ImageObject\",\"inLanguage\":\"nl-NL\",\"@id\":\"https:\\\/\\\/blog.bedandbreakfast.nl\\\/eigenaren\\\/bed-en-breakfast-inspiratie-droomstart-voor-bb-het-raadhuys\\\/#primaryimage\",\"url\":\"https:\\\/\\\/blog.bedandbreakfast.nl\\\/eigenaren\\\/wp-content\\\/uploads\\\/2016\\\/04\\\/Header_kro.png\",\"contentUrl\":\"https:\\\/\\\/blog.bedandbreakfast.nl\\\/eigenaren\\\/wp-content\\\/uploads\\\/2016\\\/04\\\/Header_kro.png\",\"width\":1000,\"height\":750},{\"@type\":\"WebSite\",\"@id\":\"https:\\\/\\\/blog.bedandbreakfast.nl\\\/eigenaren\\\/#website\",\"url\":\"https:\\\/\\\/blog.bedandbreakfast.nl\\\/eigenaren\\\/\",\"name\":\"Bed and Breakfast Nieuws | Blog voor B&amp;B Eigenaren\",\"description\":\"\",\"potentialAction\":[{\"@type\":\"SearchAction\",\"target\":{\"@type\":\"EntryPoint\",\"urlTemplate\":\"https:\\\/\\\/blog.bedandbreakfast.nl\\\/eigenaren\\\/?s={search_term_string}\"},\"query-input\":{\"@type\":\"PropertyValueSpecification\",\"valueRequired\":true,\"valueName\":\"search_term_string\"}}],\"inLanguage\":\"nl-NL\"},{\"@type\":\"Person\",\"@id\":\"https:\\\/\\\/blog.bedandbreakfast.nl\\\/eigenaren\\\/#\\\/schema\\\/person\\\/d7a54feebce45950423d228c3f62ce29\",\"name\":\"Josjah Thalen\",\"image\":{\"@type\":\"ImageObject\",\"inLanguage\":\"nl-NL\",\"@id\":\"https:\\\/\\\/secure.gravatar.com\\\/avatar\\\/3d323b3d641ca48940632a24b66d5a8f02f80c664a198c89b40906f74c1159e4?s=96&d=wp_user_avatar&r=ga7fe69c837411740ca0aafbff074d3c3\",\"url\":\"https:\\\/\\\/secure.gravatar.com\\\/avatar\\\/3d323b3d641ca48940632a24b66d5a8f02f80c664a198c89b40906f74c1159e4?s=96&d=wp_user_avatar&r=g\",\"contentUrl\":\"https:\\\/\\\/secure.gravatar.com\\\/avatar\\\/3d323b3d641ca48940632a24b66d5a8f02f80c664a198c89b40906f74c1159e4?s=96&d=wp_user_avatar&r=g\",\"caption\":\"Josjah Thalen\"},\"description\":\"Eindredacteur bij Bedandbreakfast.eu B.V.\",\"sameAs\":[\"http:\\\/\\\/www.bedandbreakfast.nl\"],\"url\":\"https:\\\/\\\/blog.bedandbreakfast.nl\\\/eigenaren\\\/author\\\/josjah\\\/\"}]}<\/script>\n<!-- \/ Yoast SEO plugin. -->","yoast_head_json":{"title":"Bed en breakfast inspiratie: droomstart voor B&B Het Raadhuys","description":"Op zoek naar bed en breakfast inspiratie voor het starten van je eigen B&B? Bekijk het videofragment van Design B&B Het Raadhuys met hun droomstart op tv!","robots":{"index":"index","follow":"follow","max-snippet":"max-snippet:-1","max-image-preview":"max-image-preview:large","max-video-preview":"max-video-preview:-1"},"canonical":"https:\/\/blog.bedandbreakfast.nl\/eigenaren\/bed-en-breakfast-inspiratie-droomstart-voor-bb-het-raadhuys\/","og_locale":"nl_NL","og_type":"article","og_title":"Bed en breakfast inspiratie: droomstart voor B&B Het Raadhuys","og_description":"Op zoek naar bed en breakfast inspiratie voor het starten van je eigen B&B? Bekijk het videofragment van Design B&B Het Raadhuys met hun droomstart op tv!","og_url":"https:\/\/blog.bedandbreakfast.nl\/eigenaren\/bed-en-breakfast-inspiratie-droomstart-voor-bb-het-raadhuys\/","og_site_name":"Bed and Breakfast Nieuws | Blog voor B&amp;B Eigenaren","article_published_time":"2016-04-13T15:02:31+00:00","article_modified_time":"2016-11-07T14:45:36+00:00","og_image":[{"width":1000,"height":750,"url":"https:\/\/blog.bedandbreakfast.nl\/eigenaren\/wp-content\/uploads\/2016\/04\/Header_kro.png","type":"image\/png"}],"author":"Josjah Thalen","twitter_misc":{"Geschreven door":"Josjah Thalen","Geschatte leestijd":"2 minuten","Written by":"Josjah Thalen"},"schema":{"@context":"https:\/\/schema.org","@graph":[{"@type":"Article","@id":"https:\/\/blog.bedandbreakfast.nl\/eigenaren\/bed-en-breakfast-inspiratie-droomstart-voor-bb-het-raadhuys\/#article","isPartOf":{"@id":"https:\/\/blog.bedandbreakfast.nl\/eigenaren\/bed-en-breakfast-inspiratie-droomstart-voor-bb-het-raadhuys\/"},"author":{"name":"Josjah Thalen","@id":"https:\/\/blog.bedandbreakfast.nl\/eigenaren\/#\/schema\/person\/d7a54feebce45950423d228c3f62ce29"},"headline":"B&#038;B-inspiratie: Design B&#038;B Het Raadhuys maakt droomstart","datePublished":"2016-04-13T15:02:31+00:00","dateModified":"2016-11-07T14:45:36+00:00","mainEntityOfPage":{"@id":"https:\/\/blog.bedandbreakfast.nl\/eigenaren\/bed-en-breakfast-inspiratie-droomstart-voor-bb-het-raadhuys\/"},"wordCount":423,"commentCount":0,"image":{"@id":"https:\/\/blog.bedandbreakfast.nl\/eigenaren\/bed-en-breakfast-inspiratie-droomstart-voor-bb-het-raadhuys\/#primaryimage"},"thumbnailUrl":"https:\/\/blog.bedandbreakfast.nl\/eigenaren\/wp-content\/uploads\/2016\/04\/Header_kro.png","keywords":["B&amp;B beginnen","B&amp;B starten","bed &amp; breakfast starten","inspiratie","KRO-NCRV","news_mei2016_4","npo","starter_apr16","televisie","tv","tv-programma","video"],"articleSection":["B&amp;B starten"],"inLanguage":"nl-NL","potentialAction":[{"@type":"CommentAction","name":"Comment","target":["https:\/\/blog.bedandbreakfast.nl\/eigenaren\/bed-en-breakfast-inspiratie-droomstart-voor-bb-het-raadhuys\/#respond"]}]},{"@type":"WebPage","@id":"https:\/\/blog.bedandbreakfast.nl\/eigenaren\/bed-en-breakfast-inspiratie-droomstart-voor-bb-het-raadhuys\/","url":"https:\/\/blog.bedandbreakfast.nl\/eigenaren\/bed-en-breakfast-inspiratie-droomstart-voor-bb-het-raadhuys\/","name":"Bed en breakfast inspiratie: droomstart voor B&B Het Raadhuys","isPartOf":{"@id":"https:\/\/blog.bedandbreakfast.nl\/eigenaren\/#website"},"primaryImageOfPage":{"@id":"https:\/\/blog.bedandbreakfast.nl\/eigenaren\/bed-en-breakfast-inspiratie-droomstart-voor-bb-het-raadhuys\/#primaryimage"},"image":{"@id":"https:\/\/blog.bedandbreakfast.nl\/eigenaren\/bed-en-breakfast-inspiratie-droomstart-voor-bb-het-raadhuys\/#primaryimage"},"thumbnailUrl":"https:\/\/blog.bedandbreakfast.nl\/eigenaren\/wp-content\/uploads\/2016\/04\/Header_kro.png","datePublished":"2016-04-13T15:02:31+00:00","dateModified":"2016-11-07T14:45:36+00:00","author":{"@id":"https:\/\/blog.bedandbreakfast.nl\/eigenaren\/#\/schema\/person\/d7a54feebce45950423d228c3f62ce29"},"description":"Op zoek naar bed en breakfast inspiratie voor het starten van je eigen B&B? Bekijk het videofragment van Design B&B Het Raadhuys met hun droomstart op tv!","inLanguage":"nl-NL","potentialAction":[{"@type":"ReadAction","target":["https:\/\/blog.bedandbreakfast.nl\/eigenaren\/bed-en-breakfast-inspiratie-droomstart-voor-bb-het-raadhuys\/"]}]},{"@type":"ImageObject","inLanguage":"nl-NL","@id":"https:\/\/blog.bedandbreakfast.nl\/eigenaren\/bed-en-breakfast-inspiratie-droomstart-voor-bb-het-raadhuys\/#primaryimage","url":"https:\/\/blog.bedandbreakfast.nl\/eigenaren\/wp-content\/uploads\/2016\/04\/Header_kro.png","contentUrl":"https:\/\/blog.bedandbreakfast.nl\/eigenaren\/wp-content\/uploads\/2016\/04\/Header_kro.png","width":1000,"height":750},{"@type":"WebSite","@id":"https:\/\/blog.bedandbreakfast.nl\/eigenaren\/#website","url":"https:\/\/blog.bedandbreakfast.nl\/eigenaren\/","name":"Bed and Breakfast Nieuws | Blog voor B&amp;B Eigenaren","description":"","potentialAction":[{"@type":"SearchAction","target":{"@type":"EntryPoint","urlTemplate":"https:\/\/blog.bedandbreakfast.nl\/eigenaren\/?s={search_term_string}"},"query-input":{"@type":"PropertyValueSpecification","valueRequired":true,"valueName":"search_term_string"}}],"inLanguage":"nl-NL"},{"@type":"Person","@id":"https:\/\/blog.bedandbreakfast.nl\/eigenaren\/#\/schema\/person\/d7a54feebce45950423d228c3f62ce29","name":"Josjah Thalen","image":{"@type":"ImageObject","inLanguage":"nl-NL","@id":"https:\/\/secure.gravatar.com\/avatar\/3d323b3d641ca48940632a24b66d5a8f02f80c664a198c89b40906f74c1159e4?s=96&d=wp_user_avatar&r=ga7fe69c837411740ca0aafbff074d3c3","url":"https:\/\/secure.gravatar.com\/avatar\/3d323b3d641ca48940632a24b66d5a8f02f80c664a198c89b40906f74c1159e4?s=96&d=wp_user_avatar&r=g","contentUrl":"https:\/\/secure.gravatar.com\/avatar\/3d323b3d641ca48940632a24b66d5a8f02f80c664a198c89b40906f74c1159e4?s=96&d=wp_user_avatar&r=g","caption":"Josjah Thalen"},"description":"Eindredacteur bij Bedandbreakfast.eu B.V.","sameAs":["http:\/\/www.bedandbreakfast.nl"],"url":"https:\/\/blog.bedandbreakfast.nl\/eigenaren\/author\/josjah\/"}]}},"jetpack_publicize_connections":[],"jetpack_featured_media_url":"https:\/\/blog.bedandbreakfast.nl\/eigenaren\/wp-content\/uploads\/2016\/04\/Header_kro.png","jetpack_shortlink":"https:\/\/wp.me\/p1XIgm-3mw","jetpack_sharing_enabled":true,"_links":{"self":[{"href":"https://www.bedandbreakfast.nl/blog/eigenaren/wp-json/wp\/v2\/posts\/12928","targetHints":{"allow":["GET"]}}],"collection":[{"href":"https://www.bedandbreakfast.nl/blog/eigenaren/wp-json/wp\/v2\/posts"}],"about":[{"href":"https://www.bedandbreakfast.nl/blog/eigenaren/wp-json/wp\/v2\/types\/post"}],"author":[{"embeddable":true,"href":"https://www.bedandbreakfast.nl/blog/eigenaren/wp-json/wp\/v2\/users\/8"}],"replies":[{"embeddable":true,"href":"https://www.bedandbreakfast.nl/blog/eigenaren/wp-json/wp\/v2\/comments?post=12928"}],"version-history":[{"count":13,"href":"https://www.bedandbreakfast.nl/blog/eigenaren/wp-json/wp\/v2\/posts\/12928\/revisions"}],"predecessor-version":[{"id":13470,"href":"https://www.bedandbreakfast.nl/blog/eigenaren/wp-json/wp\/v2\/posts\/12928\/revisions\/13470"}],"wp:featuredmedia":[{"embeddable":true,"href":"https://www.bedandbreakfast.nl/blog/eigenaren/wp-json/wp\/v2\/media\/12930"}],"wp:attachment":[{"href":"https://www.bedandbreakfast.nl/blog/eigenaren/wp-json/wp\/v2\/media?parent=12928"}],"wp:term":[{"taxonomy":"category","embeddable":true,"href":"https://www.bedandbreakfast.nl/blog/eigenaren/wp-json/wp\/v2\/categories?post=12928"},{"taxonomy":"post_tag","embeddable":true,"href":"https://www.bedandbreakfast.nl/blog/eigenaren/wp-json/wp\/v2\/tags?post=12928"},{"taxonomy":"author","embeddable":true,"href":"https://www.bedandbreakfast.nl/blog/eigenaren/wp-json/wp\/v2\/coauthors?post=12928"}],"curies":[{"name":"wp","href":"https:\/\/api.w.org\/{rel}","templated":true}]}}