{"id":17476,"date":"2020-04-23T11:33:53","date_gmt":"2020-04-23T09:33:53","guid":{"rendered":"http:\/\/blog.bedandbreakfast.nl\/eigenaren\/?p=17476"},"modified":"2020-04-24T09:36:46","modified_gmt":"2020-04-24T07:36:46","slug":"hoe-run-jij-je-bb-in-de-anderhalve-meter-economie","status":"publish","type":"post","link":"https:\/\/blog.bedandbreakfast.nl\/eigenaren\/hoe-run-jij-je-bb-in-de-anderhalve-meter-economie\/","title":{"rendered":"Hoe run jij je B&#038;B in de anderhalve-meter-economie?"},"content":{"rendered":"<p><a href=\"https:\/\/www.bedandbreakfast.nl\/bed-and-breakfast-nl\/den-haag\/bacan-bed-breakfast\/63293\/\" target=\"_blank\" rel=\"noopener noreferrer\"><img loading=\"lazy\" decoding=\"async\" class=\"alignnone wp-image-17480 size-full\" title=\"Bac\u00e1n Bed &amp; Breakfast\" src=\"https://blog.bedandbreakfast.nl/eigenaren\/wp-content\/uploads\/2020\/04\/bed-and-breakfast-nederland-2020-anderhalvemeter-economie-bacan.jpg\" alt=\"\" width=\"810\" height=\"450\" srcset=\"https:\/\/blog.bedandbreakfast.nl\/eigenaren\/wp-content\/uploads\/2020\/04\/bed-and-breakfast-nederland-2020-anderhalvemeter-economie-bacan.jpg 810w, https:\/\/blog.bedandbreakfast.nl\/eigenaren\/wp-content\/uploads\/2020\/04\/bed-and-breakfast-nederland-2020-anderhalvemeter-economie-bacan-300x167.jpg 300w, https:\/\/blog.bedandbreakfast.nl\/eigenaren\/wp-content\/uploads\/2020\/04\/bed-and-breakfast-nederland-2020-anderhalvemeter-economie-bacan-768x427.jpg 768w\" sizes=\"auto, (max-width: 810px) 100vw, 810px\" \/><\/a><\/p>\n<h4>Bac\u00e1n Bed &amp; Breakfast \u2013 Den Haag<\/h4>\n<p>&#8220;Aangezien onze gasten bij ons in huis verblijven, biedt de anderhalve-meter-economie extra stof tot nadenken&#8221;, vertelt Marc Horsten van Bac\u00e1n. &#8220;We hebben twee suites met eigen badkamer en een gemeenschappelijke gastenruimte op de eerste etage, wijzelf wonen op de derde etage. We overwegen om straks maar \u00e9\u00e9n suite te verhuren of beide suites aan \u00e9\u00e9n gezelschap. Het ontbijt zetten we dan \u2018s morgens klaar op een afgesproken tijdstip. We kunnen dus wel een bepaalde invulling geven aan het nieuwe normaal. Het is alleen jammer als onze B&amp;B daardoor iets minder persoonlijk wordt.&#8221;<\/p>\n<p><a href=\"https:\/\/www.bedandbreakfast.nl\/bed-and-breakfast-nl\/roden\/de-zulthe\/3318\/\" target=\"_blank\" rel=\"noopener noreferrer\"><img loading=\"lazy\" decoding=\"async\" class=\"alignnone wp-image-17482 size-full\" title=\"De Zulthe\" src=\"https://blog.bedandbreakfast.nl/eigenaren\/wp-content\/uploads\/2020\/04\/bed-and-breakfast-nederland-2020-anderhalvemeter-economie-de-zulthe.jpg\" alt=\"\" width=\"810\" height=\"450\" srcset=\"https:\/\/blog.bedandbreakfast.nl\/eigenaren\/wp-content\/uploads\/2020\/04\/bed-and-breakfast-nederland-2020-anderhalvemeter-economie-de-zulthe.jpg 810w, https:\/\/blog.bedandbreakfast.nl\/eigenaren\/wp-content\/uploads\/2020\/04\/bed-and-breakfast-nederland-2020-anderhalvemeter-economie-de-zulthe-300x167.jpg 300w, https:\/\/blog.bedandbreakfast.nl\/eigenaren\/wp-content\/uploads\/2020\/04\/bed-and-breakfast-nederland-2020-anderhalvemeter-economie-de-zulthe-768x427.jpg 768w\" sizes=\"auto, (max-width: 810px) 100vw, 810px\" \/><\/a><\/p>\n<h4>De Zulthe \u2013 Roden<\/h4>\n<p>&#8220;Wij hebben twee kamers met gezamenlijk sanitair, dus we moeten inderdaad nadenken over onze B&amp;B in de anderhalve-meter-economie&#8221;, zegt Tiny de Groot van B&amp;B De Zulthe. &#8220;We gaan nu \u00e9\u00e9n kamer verhuren. Als mensen bij elkaar horen, dan mogen zij ook beide kamers tegelijkertijd huren. Het hangt een beetje ervan af hoe lang het duurt voordat er een vaccin is, maar ik kan er altijd nog \u00e9\u00e9n appartementje van maken. Het ontbijt serveren we nu wel op de gastenkamer in plaats van de ontbijtkamer. Dat is minder leuk, maar het is toch veiliger om voorlopig het contact te beperken.&#8221;<\/p>\n<p><a href=\"https:\/\/www.bedandbreakfast.nl\/bed-and-breakfast-nl\/schin-op-geul\/the-sjinn-boutique-hotel-b-b\/67182\/\" target=\"_blank\" rel=\"noopener noreferrer\"><img loading=\"lazy\" decoding=\"async\" class=\"alignnone wp-image-17477 size-full\" title=\"The Sjinn\" src=\"https://blog.bedandbreakfast.nl/eigenaren\/wp-content\/uploads\/2020\/04\/bed-and-breakfast-nederland-2020-anderhalvemeter-economie-the-sjinn.jpg\" alt=\"\" width=\"810\" height=\"450\" srcset=\"https:\/\/blog.bedandbreakfast.nl\/eigenaren\/wp-content\/uploads\/2020\/04\/bed-and-breakfast-nederland-2020-anderhalvemeter-economie-the-sjinn.jpg 810w, https:\/\/blog.bedandbreakfast.nl\/eigenaren\/wp-content\/uploads\/2020\/04\/bed-and-breakfast-nederland-2020-anderhalvemeter-economie-the-sjinn-300x167.jpg 300w, https:\/\/blog.bedandbreakfast.nl\/eigenaren\/wp-content\/uploads\/2020\/04\/bed-and-breakfast-nederland-2020-anderhalvemeter-economie-the-sjinn-768x427.jpg 768w\" sizes=\"auto, (max-width: 810px) 100vw, 810px\" \/><\/a><\/p>\n<h4>The SJinn \u2013 Schin op Geul<\/h4>\n<p>&#8220;Een gezellig ontbijt of table d&#8217;hotes met acht gasten aan onze keukentafel; dat zit er voorlopig niet meer in&#8221;, aldus Toine Poels van The SJinn. &#8220;Onze gasten kunnen in de anderhalve-meter-economie op verschillende plekken hun maaltijden eten, zoals de keuken, serre of op het terras. Ook hebben we de zitjes in de kamers vervangen door eettafeltjes en stoelen, dan serveer ik het ontbijt op een dienblad aan de deur. Verder zijn alle gastenkamers standaard voorzien van eigen sanitair en koffie- en thee faciliteiten, maar nu staan er ook extra desinfectiemiddelen, ontsmettende handolie en tissues klaar.&#8221;<\/p>\n<p><a href=\"https:\/\/www.bedandbreakfast.nl\/bed-and-breakfast-nl\/kerkrade\/bed-breakfast-broodhuis-kerkrade\/74487\/\" target=\"_blank\" rel=\"noopener noreferrer\"><img loading=\"lazy\" decoding=\"async\" class=\"alignnone wp-image-17483 size-full\" title=\"B&amp;B Broodhuis\" src=\"http:\/\/blog.bedandbreakfast.nl\/eigenaren\/wp-content\/uploads\/2020\/04\/bed-and-breakfast-nederland-2020-anderhalvemeter-economie-het-broodhuis.jpg\" alt=\"\" width=\"810\" height=\"450\" srcset=\"https:\/\/blog.bedandbreakfast.nl\/eigenaren\/wp-content\/uploads\/2020\/04\/bed-and-breakfast-nederland-2020-anderhalvemeter-economie-het-broodhuis.jpg 810w, https:\/\/blog.bedandbreakfast.nl\/eigenaren\/wp-content\/uploads\/2020\/04\/bed-and-breakfast-nederland-2020-anderhalvemeter-economie-het-broodhuis-300x167.jpg 300w, https:\/\/blog.bedandbreakfast.nl\/eigenaren\/wp-content\/uploads\/2020\/04\/bed-and-breakfast-nederland-2020-anderhalvemeter-economie-het-broodhuis-768x427.jpg 768w\" sizes=\"auto, (max-width: 810px) 100vw, 810px\" \/><\/a><\/p>\n<h4>B&amp;B Broodhuis \u2013 Kerkrade<\/h4>\n<p>&#8220;Met vier gastenkamers en een gezamenlijke badkamer, ben ik volop aan het brainstormen over mijn B&amp;B in de anderhalve-meter-economie&#8221;, vertelt Margriet Bayense van B&amp;B Broodhuis. &#8220;Ik denk dat het nog een jaar kan duren, voordat alles weer een beetje bij het oude is. Eigenlijk is de enige optie om de B&amp;B te verhuren als \u00e9\u00e9n geheel. Ook laat ik de gasten vanaf nu binnen via de tuin en achterdeur. Zo gebruiken ze alleen maar het trappenhuis en hoeven ze niet door ons huis te lopen. Om de verspreiding van het coronavirus ook in de toekomst te verkleinen, ga ik heldere afspraken maken met mijn gasten.&#8221;<\/p>\n<p><a href=\"https:\/\/www.bedandbreakfast.nl\/bed-and-breakfast-nl\/reeuwijk\/bed-breakfast-pax-tibi\/3173\/\" target=\"_blank\" rel=\"noopener noreferrer\"><img loading=\"lazy\" decoding=\"async\" class=\"alignnone wp-image-17479 size-full\" title=\"Bed &amp; Breakfast 'Pax Tibi'\" src=\"https://blog.bedandbreakfast.nl/eigenaren\/wp-content\/uploads\/2020\/04\/bed-and-breakfast-nederland-2020-anderhalvemeter-economie-pax-tibi.jpg\" alt=\"\" width=\"810\" height=\"450\" srcset=\"https:\/\/blog.bedandbreakfast.nl\/eigenaren\/wp-content\/uploads\/2020\/04\/bed-and-breakfast-nederland-2020-anderhalvemeter-economie-pax-tibi.jpg 810w, https:\/\/blog.bedandbreakfast.nl\/eigenaren\/wp-content\/uploads\/2020\/04\/bed-and-breakfast-nederland-2020-anderhalvemeter-economie-pax-tibi-300x167.jpg 300w, https:\/\/blog.bedandbreakfast.nl\/eigenaren\/wp-content\/uploads\/2020\/04\/bed-and-breakfast-nederland-2020-anderhalvemeter-economie-pax-tibi-768x427.jpg 768w\" sizes=\"auto, (max-width: 810px) 100vw, 810px\" \/><\/a><\/p>\n<h4>Pax Tibi \u2013 Reeuwijk<\/h4>\n<p>&#8220;Eigenlijk zijn wij al klaar voor het nieuwe normaal&#8221;, vertelt Katja Toet van Bed &amp; Breakfast &#8216;Pax Tibi&#8217;. &#8220;We hebben mazzel dat we kleinschalig zijn, maar tegelijkertijd een zee van ruimte bieden. Onze gemeenschappelijke ontbijtruimte is ontzettend ruim, al hebben we voor de zekerheid de tafels nu nog verder uit elkaar gezet. Ik ga ervan uit dat gasten elkaar de ruimte gunnen, dus in dat opzicht voorzie ik geen problemen. Qua schoonmaakwerkzaamheden houden we ons al sinds het begin van de coronacrisis aan de richtlijnen van het RIVM, dat blijven we ook doen in de anderhalve-meter-economie.&#8221;<\/p>\n<h4>B&amp;B\u2019s in de anderhalve-meter-economie<\/h4>\n<p>Totdat er een vaccin beschikbaar is tegen het coronavirus, zal de anderhalve-meter-economie naar verwachting voortduren. Hoe bereid jij je als B&amp;B-eigenaar voor op het nieuwe normaal? Geef je straks bijvoorbeeld de gasten een rondleiding via de telefoon, regel je de betaling alleen nog maar via een Tikkie, of ga je zelfs je accommodatie deels verbouwen? Laat het weten via een reactie onder dit artikel en inspireer daarmee je collega\u2019s uit de B&amp;B-branche.<\/p>\n<h4>Ook interessant:<\/h4>\n<ul>\n<li><a href=\"https:\/\/www.bedandbreakfast.eu\/blog\/innkeepers\/nl\/coronavirus-qa-voor-bb-eigenaren\/\" target=\"_blank\" rel=\"noopener noreferrer\">Coronavirus: Q&amp;A voor B&amp;B-eigenaren<\/a><\/li>\n<li><a href=\"https:\/\/www.bedandbreakfast.nl\/blog\/eigenaren\/hoe-run-jij-je-bb-tijdens-de-coronacrisis\/\" target=\"_blank\" rel=\"noopener noreferrer\">Hoe run jij je B&amp;B tijdens de Coronacrisis?<\/a><\/li>\n<li><a href=\"https:\/\/www.bedandbreakfast.eu\/blog\/innkeepers\/nl\/schoonmaakprotocol-voor-bbs\/\" target=\"_blank\" rel=\"noopener noreferrer\">Schoonmaakprotocol voor B&amp;B\u2019s<\/a><\/li>\n<\/ul>\n<p><strong>Deel dit artikel:<\/strong><\/p>\n","protected":false},"excerpt":{"rendered":"<p>Na de coronacrisis wacht veel B&#038;B-eigenaren een nieuwe uitdaging: de anderhalve-meter-economie. Bedandbreakfast.nl vroeg vijf verschillende B&#038;B-houders naar hun idee\u00ebn en plannen voor &#8216;het nieuwe normaal&#8217;. <\/p>\n","protected":false},"author":8,"featured_media":17487,"comment_status":"open","ping_status":"closed","sticky":false,"template":"","format":"standard","meta":{"_monsterinsights_skip_tracking":false,"_monsterinsights_sitenote_active":false,"_monsterinsights_sitenote_note":"","_monsterinsights_sitenote_category":0,"jetpack_post_was_ever_published":false,"_jetpack_newsletter_access":"","_jetpack_dont_email_post_to_subs":false,"_jetpack_newsletter_tier_id":0,"_jetpack_memberships_contains_paywalled_content":false,"_jetpack_memberships_contains_paid_content":false,"footnotes":"","jetpack_publicize_message":"","jetpack_publicize_feature_enabled":true,"jetpack_social_post_already_shared":true,"jetpack_social_options":{"image_generator_settings":{"template":"highway","default_image_id":0,"font":"","enabled":false},"version":2}},"categories":[1],"tags":[1181,1033,8,1160,1161,1162,1163],"coauthors":[480],"class_list":["post-17476","post","type-post","status-publish","format-standard","has-post-thumbnail","hentry","category-algemeen","tag-anderhalve-meter-economie","tag-bb-runnen","tag-bed-and-breakfast","tag-corona","tag-coronacrisis","tag-coronavirus","tag-covid-19"],"yoast_head":"<!-- This site is optimized with the Yoast SEO plugin v27.5 - https:\/\/yoast.com\/product\/yoast-seo-wordpress\/ -->\n<title>Hoe run jij je B&amp;B in de anderhalve-meter-economie? | Bedandbreakfast.nl<\/title>\n<meta name=\"description\" content=\"Na de coronacrisis wacht veel B&amp;B-eigenaren een nieuwe uitdaging: de anderhalve-meter-economie. Bedandbreakfast.nl vroeg vijf verschillende B&amp;B-houders naar hun idee\u00ebn en plannen voor &#039;het nieuwe normaal&#039;.\" \/>\n<meta name=\"robots\" content=\"index, follow, max-snippet:-1, max-image-preview:large, max-video-preview:-1\" \/>\n<link rel=\"canonical\" href=\"https:\/\/blog.bedandbreakfast.nl\/eigenaren\/hoe-run-jij-je-bb-in-de-anderhalve-meter-economie\/\" \/>\n<meta property=\"og:locale\" content=\"nl_NL\" \/>\n<meta property=\"og:type\" content=\"article\" \/>\n<meta property=\"og:title\" content=\"Hoe run jij je B&amp;B in de anderhalve-meter-economie? | Bedandbreakfast.nl\" \/>\n<meta property=\"og:description\" content=\"Na de coronacrisis wacht veel B&amp;B-eigenaren een nieuwe uitdaging: de anderhalve-meter-economie. Bedandbreakfast.nl vroeg vijf verschillende B&amp;B-houders naar hun idee\u00ebn en plannen voor &#039;het nieuwe normaal&#039;.\" \/>\n<meta property=\"og:url\" content=\"https:\/\/blog.bedandbreakfast.nl\/eigenaren\/hoe-run-jij-je-bb-in-de-anderhalve-meter-economie\/\" \/>\n<meta property=\"og:site_name\" content=\"Bed and Breakfast Nieuws | Blog voor B&amp;B Eigenaren\" \/>\n<meta property=\"article:published_time\" content=\"2020-04-23T09:33:53+00:00\" \/>\n<meta property=\"article:modified_time\" content=\"2020-04-24T07:36:46+00:00\" \/>\n<meta property=\"og:image\" content=\"https:\/\/blog.bedandbreakfast.nl\/eigenaren\/wp-content\/uploads\/2020\/04\/bed-and-breakfast-nederland-2020-anderhalvemeter-economie.jpg\" \/>\n\t<meta property=\"og:image:width\" content=\"1140\" \/>\n\t<meta property=\"og:image:height\" content=\"453\" \/>\n\t<meta property=\"og:image:type\" content=\"image\/jpeg\" \/>\n<meta name=\"author\" content=\"Josjah Thalen\" \/>\n<meta name=\"twitter:label1\" content=\"Geschreven door\" \/>\n\t<meta name=\"twitter:data1\" content=\"Josjah Thalen\" \/>\n\t<meta name=\"twitter:label2\" content=\"Geschatte leestijd\" \/>\n\t<meta name=\"twitter:data2\" content=\"3 minuten\" \/>\n\t<meta name=\"twitter:label3\" content=\"Written by\" \/>\n\t<meta name=\"twitter:data3\" content=\"Josjah Thalen\" \/>\n<script type=\"application\/ld+json\" class=\"yoast-schema-graph\">{\"@context\":\"https:\\\/\\\/schema.org\",\"@graph\":[{\"@type\":\"Article\",\"@id\":\"https:\\\/\\\/blog.bedandbreakfast.nl\\\/eigenaren\\\/hoe-run-jij-je-bb-in-de-anderhalve-meter-economie\\\/#article\",\"isPartOf\":{\"@id\":\"https:\\\/\\\/blog.bedandbreakfast.nl\\\/eigenaren\\\/hoe-run-jij-je-bb-in-de-anderhalve-meter-economie\\\/\"},\"author\":{\"name\":\"Josjah Thalen\",\"@id\":\"https:\\\/\\\/blog.bedandbreakfast.nl\\\/eigenaren\\\/#\\\/schema\\\/person\\\/d7a54feebce45950423d228c3f62ce29\"},\"headline\":\"Hoe run jij je B&#038;B in de anderhalve-meter-economie?\",\"datePublished\":\"2020-04-23T09:33:53+00:00\",\"dateModified\":\"2020-04-24T07:36:46+00:00\",\"mainEntityOfPage\":{\"@id\":\"https:\\\/\\\/blog.bedandbreakfast.nl\\\/eigenaren\\\/hoe-run-jij-je-bb-in-de-anderhalve-meter-economie\\\/\"},\"wordCount\":646,\"commentCount\":5,\"image\":{\"@id\":\"https:\\\/\\\/blog.bedandbreakfast.nl\\\/eigenaren\\\/hoe-run-jij-je-bb-in-de-anderhalve-meter-economie\\\/#primaryimage\"},\"thumbnailUrl\":\"https:\\\/\\\/blog.bedandbreakfast.nl\\\/eigenaren\\\/wp-content\\\/uploads\\\/2020\\\/04\\\/bed-and-breakfast-nederland-2020-anderhalvemeter-economie.jpg\",\"keywords\":[\"anderhalve-meter-economie\",\"B&amp;B runnen\",\"bed and breakfast\",\"corona\",\"coronacrisis\",\"coronavirus\",\"COVID-19\"],\"articleSection\":[\"Algemeen\"],\"inLanguage\":\"nl-NL\",\"potentialAction\":[{\"@type\":\"CommentAction\",\"name\":\"Comment\",\"target\":[\"https:\\\/\\\/blog.bedandbreakfast.nl\\\/eigenaren\\\/hoe-run-jij-je-bb-in-de-anderhalve-meter-economie\\\/#respond\"]}]},{\"@type\":\"WebPage\",\"@id\":\"https:\\\/\\\/blog.bedandbreakfast.nl\\\/eigenaren\\\/hoe-run-jij-je-bb-in-de-anderhalve-meter-economie\\\/\",\"url\":\"https:\\\/\\\/blog.bedandbreakfast.nl\\\/eigenaren\\\/hoe-run-jij-je-bb-in-de-anderhalve-meter-economie\\\/\",\"name\":\"Hoe run jij je B&B in de anderhalve-meter-economie? | Bedandbreakfast.nl\",\"isPartOf\":{\"@id\":\"https:\\\/\\\/blog.bedandbreakfast.nl\\\/eigenaren\\\/#website\"},\"primaryImageOfPage\":{\"@id\":\"https:\\\/\\\/blog.bedandbreakfast.nl\\\/eigenaren\\\/hoe-run-jij-je-bb-in-de-anderhalve-meter-economie\\\/#primaryimage\"},\"image\":{\"@id\":\"https:\\\/\\\/blog.bedandbreakfast.nl\\\/eigenaren\\\/hoe-run-jij-je-bb-in-de-anderhalve-meter-economie\\\/#primaryimage\"},\"thumbnailUrl\":\"https:\\\/\\\/blog.bedandbreakfast.nl\\\/eigenaren\\\/wp-content\\\/uploads\\\/2020\\\/04\\\/bed-and-breakfast-nederland-2020-anderhalvemeter-economie.jpg\",\"datePublished\":\"2020-04-23T09:33:53+00:00\",\"dateModified\":\"2020-04-24T07:36:46+00:00\",\"author\":{\"@id\":\"https:\\\/\\\/blog.bedandbreakfast.nl\\\/eigenaren\\\/#\\\/schema\\\/person\\\/d7a54feebce45950423d228c3f62ce29\"},\"description\":\"Na de coronacrisis wacht veel B&B-eigenaren een nieuwe uitdaging: de anderhalve-meter-economie. Bedandbreakfast.nl vroeg vijf verschillende B&B-houders naar hun idee\u00ebn en plannen voor 'het nieuwe normaal'.\",\"inLanguage\":\"nl-NL\",\"potentialAction\":[{\"@type\":\"ReadAction\",\"target\":[\"https:\\\/\\\/blog.bedandbreakfast.nl\\\/eigenaren\\\/hoe-run-jij-je-bb-in-de-anderhalve-meter-economie\\\/\"]}]},{\"@type\":\"ImageObject\",\"inLanguage\":\"nl-NL\",\"@id\":\"https:\\\/\\\/blog.bedandbreakfast.nl\\\/eigenaren\\\/hoe-run-jij-je-bb-in-de-anderhalve-meter-economie\\\/#primaryimage\",\"url\":\"https:\\\/\\\/blog.bedandbreakfast.nl\\\/eigenaren\\\/wp-content\\\/uploads\\\/2020\\\/04\\\/bed-and-breakfast-nederland-2020-anderhalvemeter-economie.jpg\",\"contentUrl\":\"https:\\\/\\\/blog.bedandbreakfast.nl\\\/eigenaren\\\/wp-content\\\/uploads\\\/2020\\\/04\\\/bed-and-breakfast-nederland-2020-anderhalvemeter-economie.jpg\",\"width\":1140,\"height\":453,\"caption\":\"Bedandbreakfast.nl; Hoe run jij je B&B in de anderhalve-meter-economie?\"},{\"@type\":\"WebSite\",\"@id\":\"https:\\\/\\\/blog.bedandbreakfast.nl\\\/eigenaren\\\/#website\",\"url\":\"https:\\\/\\\/blog.bedandbreakfast.nl\\\/eigenaren\\\/\",\"name\":\"Bed and Breakfast Nieuws | Blog voor B&amp;B Eigenaren\",\"description\":\"\",\"potentialAction\":[{\"@type\":\"SearchAction\",\"target\":{\"@type\":\"EntryPoint\",\"urlTemplate\":\"https:\\\/\\\/blog.bedandbreakfast.nl\\\/eigenaren\\\/?s={search_term_string}\"},\"query-input\":{\"@type\":\"PropertyValueSpecification\",\"valueRequired\":true,\"valueName\":\"search_term_string\"}}],\"inLanguage\":\"nl-NL\"},{\"@type\":\"Person\",\"@id\":\"https:\\\/\\\/blog.bedandbreakfast.nl\\\/eigenaren\\\/#\\\/schema\\\/person\\\/d7a54feebce45950423d228c3f62ce29\",\"name\":\"Josjah Thalen\",\"image\":{\"@type\":\"ImageObject\",\"inLanguage\":\"nl-NL\",\"@id\":\"https:\\\/\\\/secure.gravatar.com\\\/avatar\\\/3d323b3d641ca48940632a24b66d5a8f02f80c664a198c89b40906f74c1159e4?s=96&d=wp_user_avatar&r=ga7fe69c837411740ca0aafbff074d3c3\",\"url\":\"https:\\\/\\\/secure.gravatar.com\\\/avatar\\\/3d323b3d641ca48940632a24b66d5a8f02f80c664a198c89b40906f74c1159e4?s=96&d=wp_user_avatar&r=g\",\"contentUrl\":\"https:\\\/\\\/secure.gravatar.com\\\/avatar\\\/3d323b3d641ca48940632a24b66d5a8f02f80c664a198c89b40906f74c1159e4?s=96&d=wp_user_avatar&r=g\",\"caption\":\"Josjah Thalen\"},\"description\":\"Eindredacteur bij Bedandbreakfast.eu B.V.\",\"sameAs\":[\"http:\\\/\\\/www.bedandbreakfast.nl\"],\"url\":\"https:\\\/\\\/blog.bedandbreakfast.nl\\\/eigenaren\\\/author\\\/josjah\\\/\"}]}<\/script>\n<!-- \/ Yoast SEO plugin. -->","yoast_head_json":{"title":"Hoe run jij je B&B in de anderhalve-meter-economie? | Bedandbreakfast.nl","description":"Na de coronacrisis wacht veel B&B-eigenaren een nieuwe uitdaging: de anderhalve-meter-economie. Bedandbreakfast.nl vroeg vijf verschillende B&B-houders naar hun idee\u00ebn en plannen voor 'het nieuwe normaal'.","robots":{"index":"index","follow":"follow","max-snippet":"max-snippet:-1","max-image-preview":"max-image-preview:large","max-video-preview":"max-video-preview:-1"},"canonical":"https:\/\/blog.bedandbreakfast.nl\/eigenaren\/hoe-run-jij-je-bb-in-de-anderhalve-meter-economie\/","og_locale":"nl_NL","og_type":"article","og_title":"Hoe run jij je B&B in de anderhalve-meter-economie? | Bedandbreakfast.nl","og_description":"Na de coronacrisis wacht veel B&B-eigenaren een nieuwe uitdaging: de anderhalve-meter-economie. Bedandbreakfast.nl vroeg vijf verschillende B&B-houders naar hun idee\u00ebn en plannen voor 'het nieuwe normaal'.","og_url":"https:\/\/blog.bedandbreakfast.nl\/eigenaren\/hoe-run-jij-je-bb-in-de-anderhalve-meter-economie\/","og_site_name":"Bed and Breakfast Nieuws | Blog voor B&amp;B Eigenaren","article_published_time":"2020-04-23T09:33:53+00:00","article_modified_time":"2020-04-24T07:36:46+00:00","og_image":[{"width":1140,"height":453,"url":"https:\/\/blog.bedandbreakfast.nl\/eigenaren\/wp-content\/uploads\/2020\/04\/bed-and-breakfast-nederland-2020-anderhalvemeter-economie.jpg","type":"image\/jpeg"}],"author":"Josjah Thalen","twitter_misc":{"Geschreven door":"Josjah Thalen","Geschatte leestijd":"3 minuten","Written by":"Josjah Thalen"},"schema":{"@context":"https:\/\/schema.org","@graph":[{"@type":"Article","@id":"https:\/\/blog.bedandbreakfast.nl\/eigenaren\/hoe-run-jij-je-bb-in-de-anderhalve-meter-economie\/#article","isPartOf":{"@id":"https:\/\/blog.bedandbreakfast.nl\/eigenaren\/hoe-run-jij-je-bb-in-de-anderhalve-meter-economie\/"},"author":{"name":"Josjah Thalen","@id":"https:\/\/blog.bedandbreakfast.nl\/eigenaren\/#\/schema\/person\/d7a54feebce45950423d228c3f62ce29"},"headline":"Hoe run jij je B&#038;B in de anderhalve-meter-economie?","datePublished":"2020-04-23T09:33:53+00:00","dateModified":"2020-04-24T07:36:46+00:00","mainEntityOfPage":{"@id":"https:\/\/blog.bedandbreakfast.nl\/eigenaren\/hoe-run-jij-je-bb-in-de-anderhalve-meter-economie\/"},"wordCount":646,"commentCount":5,"image":{"@id":"https:\/\/blog.bedandbreakfast.nl\/eigenaren\/hoe-run-jij-je-bb-in-de-anderhalve-meter-economie\/#primaryimage"},"thumbnailUrl":"https:\/\/blog.bedandbreakfast.nl\/eigenaren\/wp-content\/uploads\/2020\/04\/bed-and-breakfast-nederland-2020-anderhalvemeter-economie.jpg","keywords":["anderhalve-meter-economie","B&amp;B runnen","bed and breakfast","corona","coronacrisis","coronavirus","COVID-19"],"articleSection":["Algemeen"],"inLanguage":"nl-NL","potentialAction":[{"@type":"CommentAction","name":"Comment","target":["https:\/\/blog.bedandbreakfast.nl\/eigenaren\/hoe-run-jij-je-bb-in-de-anderhalve-meter-economie\/#respond"]}]},{"@type":"WebPage","@id":"https:\/\/blog.bedandbreakfast.nl\/eigenaren\/hoe-run-jij-je-bb-in-de-anderhalve-meter-economie\/","url":"https:\/\/blog.bedandbreakfast.nl\/eigenaren\/hoe-run-jij-je-bb-in-de-anderhalve-meter-economie\/","name":"Hoe run jij je B&B in de anderhalve-meter-economie? | Bedandbreakfast.nl","isPartOf":{"@id":"https:\/\/blog.bedandbreakfast.nl\/eigenaren\/#website"},"primaryImageOfPage":{"@id":"https:\/\/blog.bedandbreakfast.nl\/eigenaren\/hoe-run-jij-je-bb-in-de-anderhalve-meter-economie\/#primaryimage"},"image":{"@id":"https:\/\/blog.bedandbreakfast.nl\/eigenaren\/hoe-run-jij-je-bb-in-de-anderhalve-meter-economie\/#primaryimage"},"thumbnailUrl":"https:\/\/blog.bedandbreakfast.nl\/eigenaren\/wp-content\/uploads\/2020\/04\/bed-and-breakfast-nederland-2020-anderhalvemeter-economie.jpg","datePublished":"2020-04-23T09:33:53+00:00","dateModified":"2020-04-24T07:36:46+00:00","author":{"@id":"https:\/\/blog.bedandbreakfast.nl\/eigenaren\/#\/schema\/person\/d7a54feebce45950423d228c3f62ce29"},"description":"Na de coronacrisis wacht veel B&B-eigenaren een nieuwe uitdaging: de anderhalve-meter-economie. Bedandbreakfast.nl vroeg vijf verschillende B&B-houders naar hun idee\u00ebn en plannen voor 'het nieuwe normaal'.","inLanguage":"nl-NL","potentialAction":[{"@type":"ReadAction","target":["https:\/\/blog.bedandbreakfast.nl\/eigenaren\/hoe-run-jij-je-bb-in-de-anderhalve-meter-economie\/"]}]},{"@type":"ImageObject","inLanguage":"nl-NL","@id":"https:\/\/blog.bedandbreakfast.nl\/eigenaren\/hoe-run-jij-je-bb-in-de-anderhalve-meter-economie\/#primaryimage","url":"https:\/\/blog.bedandbreakfast.nl\/eigenaren\/wp-content\/uploads\/2020\/04\/bed-and-breakfast-nederland-2020-anderhalvemeter-economie.jpg","contentUrl":"https:\/\/blog.bedandbreakfast.nl\/eigenaren\/wp-content\/uploads\/2020\/04\/bed-and-breakfast-nederland-2020-anderhalvemeter-economie.jpg","width":1140,"height":453,"caption":"Bedandbreakfast.nl; Hoe run jij je B&B in de anderhalve-meter-economie?"},{"@type":"WebSite","@id":"https:\/\/blog.bedandbreakfast.nl\/eigenaren\/#website","url":"https:\/\/blog.bedandbreakfast.nl\/eigenaren\/","name":"Bed and Breakfast Nieuws | Blog voor B&amp;B Eigenaren","description":"","potentialAction":[{"@type":"SearchAction","target":{"@type":"EntryPoint","urlTemplate":"https:\/\/blog.bedandbreakfast.nl\/eigenaren\/?s={search_term_string}"},"query-input":{"@type":"PropertyValueSpecification","valueRequired":true,"valueName":"search_term_string"}}],"inLanguage":"nl-NL"},{"@type":"Person","@id":"https:\/\/blog.bedandbreakfast.nl\/eigenaren\/#\/schema\/person\/d7a54feebce45950423d228c3f62ce29","name":"Josjah Thalen","image":{"@type":"ImageObject","inLanguage":"nl-NL","@id":"https:\/\/secure.gravatar.com\/avatar\/3d323b3d641ca48940632a24b66d5a8f02f80c664a198c89b40906f74c1159e4?s=96&d=wp_user_avatar&r=ga7fe69c837411740ca0aafbff074d3c3","url":"https:\/\/secure.gravatar.com\/avatar\/3d323b3d641ca48940632a24b66d5a8f02f80c664a198c89b40906f74c1159e4?s=96&d=wp_user_avatar&r=g","contentUrl":"https:\/\/secure.gravatar.com\/avatar\/3d323b3d641ca48940632a24b66d5a8f02f80c664a198c89b40906f74c1159e4?s=96&d=wp_user_avatar&r=g","caption":"Josjah Thalen"},"description":"Eindredacteur bij Bedandbreakfast.eu B.V.","sameAs":["http:\/\/www.bedandbreakfast.nl"],"url":"https:\/\/blog.bedandbreakfast.nl\/eigenaren\/author\/josjah\/"}]}},"jetpack_publicize_connections":[],"jetpack_featured_media_url":"https:\/\/blog.bedandbreakfast.nl\/eigenaren\/wp-content\/uploads\/2020\/04\/bed-and-breakfast-nederland-2020-anderhalvemeter-economie.jpg","jetpack_shortlink":"https:\/\/wp.me\/p1XIgm-4xS","jetpack_sharing_enabled":true,"_links":{"self":[{"href":"https://www.bedandbreakfast.nl/blog/eigenaren/wp-json/wp\/v2\/posts\/17476","targetHints":{"allow":["GET"]}}],"collection":[{"href":"https://www.bedandbreakfast.nl/blog/eigenaren/wp-json/wp\/v2\/posts"}],"about":[{"href":"https://www.bedandbreakfast.nl/blog/eigenaren/wp-json/wp\/v2\/types\/post"}],"author":[{"embeddable":true,"href":"https://www.bedandbreakfast.nl/blog/eigenaren/wp-json/wp\/v2\/users\/8"}],"replies":[{"embeddable":true,"href":"https://www.bedandbreakfast.nl/blog/eigenaren/wp-json/wp\/v2\/comments?post=17476"}],"version-history":[{"count":13,"href":"https://www.bedandbreakfast.nl/blog/eigenaren/wp-json/wp\/v2\/posts\/17476\/revisions"}],"predecessor-version":[{"id":17502,"href":"https://www.bedandbreakfast.nl/blog/eigenaren/wp-json/wp\/v2\/posts\/17476\/revisions\/17502"}],"wp:featuredmedia":[{"embeddable":true,"href":"https://www.bedandbreakfast.nl/blog/eigenaren/wp-json/wp\/v2\/media\/17487"}],"wp:attachment":[{"href":"https://www.bedandbreakfast.nl/blog/eigenaren/wp-json/wp\/v2\/media?parent=17476"}],"wp:term":[{"taxonomy":"category","embeddable":true,"href":"https://www.bedandbreakfast.nl/blog/eigenaren/wp-json/wp\/v2\/categories?post=17476"},{"taxonomy":"post_tag","embeddable":true,"href":"https://www.bedandbreakfast.nl/blog/eigenaren/wp-json/wp\/v2\/tags?post=17476"},{"taxonomy":"author","embeddable":true,"href":"https://www.bedandbreakfast.nl/blog/eigenaren/wp-json/wp\/v2\/coauthors?post=17476"}],"curies":[{"name":"wp","href":"https:\/\/api.w.org\/{rel}","templated":true}]}}