{"id":19814,"date":"2026-03-06T10:53:03","date_gmt":"2026-03-06T09:53:03","guid":{"rendered":"https:\/\/blog.bedandbreakfast.nl\/eigenaren\/?p=19814"},"modified":"2026-03-06T10:53:03","modified_gmt":"2026-03-06T09:53:03","slug":"interview-met-anja-en-andre-van-bb-natuurlijk-harderwijk","status":"publish","type":"post","link":"https:\/\/blog.bedandbreakfast.nl\/eigenaren\/interview-met-anja-en-andre-van-bb-natuurlijk-harderwijk\/","title":{"rendered":"Interview met Anja en Andr\u00e9 van B&#038;B Natuurlijk Harderwijk"},"content":{"rendered":"<h4>Hoe is het idee ontstaan om een Bed and Breakfast te beginnen?<\/h4>\n<p>Anja: Het idee voor <a href=\"https:\/\/www.bedandbreakfast.nl\/nl\/a\/bD6Yo6uxSxu1\/bb-natuurlijk-harderwijk\">B&amp;B Natuurlijk Harderwijk<\/a> gaat alweer een jaar of drie terug, maar eigenlijk moeten we nog verder terug in de tijd. Zo&#8217;n 34 jaar geleden ben ik samen met mijn moeder een kapsalon begonnen. Zij was goed in de administratie en ik in het kappersvak. Later hebben we een tweede salon geopend en hadden we op een gegeven moment 16 mensen in dienst.<\/p>\n<p>Zo\u2019n 15 jaar geleden leerden Andr\u00e9 en ik elkaar kennen. Ik woonde in Alblasserdam en hij in Harderwijk. Dat was niet naast de deur, maar we waren verliefd en dachten: dat komt wel goed. Toen mijn kinderen klaar waren met hun middelbare school en gingen studeren, vonden zij het prima om naar Harderwijk te verhuizen. We zochten een groot huis waar iedereen een eigen kamer kon hebben en vonden dit huis met een soort &#8216;aanleunwoning&#8217; aan de kopse kant.<\/p>\n<p><img loading=\"lazy\" decoding=\"async\" class=\"alignnone wp-image-19823 size-full\" src=\"https:\/\/blog.bedandbreakfast.nl\/eigenaren\/wp-content\/uploads\/2026\/03\/bed-and-breakfast-starten-interview-natuurlijk-harderwijk-c.jpg\" alt=\"\" width=\"810\" height=\"450\" srcset=\"https:\/\/blog.bedandbreakfast.nl\/eigenaren\/wp-content\/uploads\/2026\/03\/bed-and-breakfast-starten-interview-natuurlijk-harderwijk-c.jpg 810w, https:\/\/blog.bedandbreakfast.nl\/eigenaren\/wp-content\/uploads\/2026\/03\/bed-and-breakfast-starten-interview-natuurlijk-harderwijk-c-300x167.jpg 300w, https:\/\/blog.bedandbreakfast.nl\/eigenaren\/wp-content\/uploads\/2026\/03\/bed-and-breakfast-starten-interview-natuurlijk-harderwijk-c-768x427.jpg 768w\" sizes=\"auto, (max-width: 810px) 100vw, 810px\" \/><\/p>\n<p>Toen de kinderen vijf jaar geleden het huis uit gingen, bleven wij met die aanbouw zitten. We dachten: wat doen we ermee? Gaan we het klaarmaken voor onze ouders voor later, of wordt het een B&amp;B? Uiteindelijk hebben we het volledig opgeknapt als zelfstandig gastenverblijf, inclusief eigen terras en entree. Ik reed toen al tien jaar heen en weer tussen de salon en Harderwijk en dat begon zwaar te worden.<\/p>\n<p>Toen mijn bedrijfsleider aangaf de zaak te willen overnemen, viel alles op zijn plek. Per 1 januari 2025 heb ik de zaak verkocht. Nadat ik een paar maanden voor mijn ouders had gezorgd en het met hen weer beter ging, zeiden zij: &#8220;Anja, begin nou toch die B&amp;B, anders is de zomer voorbij.&#8221; Dat was het zetje dat ik nodig had.<\/p>\n<h4>Hoe hebben jullie je voorbereid? Hebben jullie een ondernemingsplan geschreven?<\/h4>\n<p>Anja: We hadden niet echt een formeel plan, maar wel een financieel plaatje. Door mijn ervaring met de kapsalons wist ik wel hoe je een zaak runt. We hebben marktonderzoek gedaan naar prijzen in de omgeving, het handboek van Bedandbreakfast.nl aangeschaft, ChatGPT geraadpleegd voor praktische zaken en we hebben tips gevraagd aan mijn neef die een B&amp;B in Scheveningen heeft gerund. Tot slot hebben we zelfs een aantal podcasts geluisterd die over gastvrijheid gaan.<\/p>\n<p>Andr\u00e9: En vergeet de gemeente niet. In Harderwijk zijn ze heel duidelijk: in onze buurt moet je parkeergelegenheid op eigen terrein hebben en de B&amp;B moet inpandig zijn of aan het huis vastzitten. We moesten zelfs een stukje tuin opofferen voor een oprit, omdat de parkeerplaats voor de deur officieel gemeentegrond bleek te zijn. De aanvraag duurde een maand of drie, maar omdat we goed contact hadden met de buren en aan alle regels voldeden, werd het goedgekeurd.<\/p>\n<p><img loading=\"lazy\" decoding=\"async\" class=\"alignnone wp-image-19822 size-full\" src=\"https:\/\/blog.bedandbreakfast.nl\/eigenaren\/wp-content\/uploads\/2026\/03\/bed-and-breakfast-starten-interview-natuurlijk-harderwijk-b.jpg\" alt=\"\" width=\"810\" height=\"450\" srcset=\"https:\/\/blog.bedandbreakfast.nl\/eigenaren\/wp-content\/uploads\/2026\/03\/bed-and-breakfast-starten-interview-natuurlijk-harderwijk-b.jpg 810w, https:\/\/blog.bedandbreakfast.nl\/eigenaren\/wp-content\/uploads\/2026\/03\/bed-and-breakfast-starten-interview-natuurlijk-harderwijk-b-300x167.jpg 300w, https:\/\/blog.bedandbreakfast.nl\/eigenaren\/wp-content\/uploads\/2026\/03\/bed-and-breakfast-starten-interview-natuurlijk-harderwijk-b-768x427.jpg 768w\" sizes=\"auto, (max-width: 810px) 100vw, 810px\" \/><\/p>\n<h4>Hoe weten de mensen jullie eigenlijk te vinden en hoe hebben jullie de prijs bepaald?<\/h4>\n<p>Anja: Ik had klanten van mijn kapsalon gesproken en die zochten heel vaak naar accommodaties op Bedandbreakfast.nl. Deze website vertegenwoordigt de B&amp;B&#8217;s in Nederland gewoon erg goed. Wat ook zo fijn is, is dat je gebruik kunt maken van een reserveringsmodule met kalender. Deze hebben we op onze eigen website geplaatst, zodat de kalender altijd synchroon loopt. Sinds een week staan we ook op Booking.com, maar we zijn nog een beetje zoekende of dit platform bij ons past.<\/p>\n<p>Andr\u00e9: Wat de prijs betreft hebben we echt alle B&amp;B&#8217;s in de omgeving opgezocht. Op welk prijsniveau zitten wij? We zijn uiteindelijk niet de goedkoopste, maar zitten meer in de middenmoot. Dat hebben we ook met de neef van Anja besproken; als je net begint is het altijd even aftasten. Daarbij hebben we natuurlijk wel uitgerekend wat het ons kost en wat het oplevert, waardoor we op een weloverwogen prijs zijn uitgekomen.<\/p>\n<p>Anja: In januari 2026 is in Nederland het btw-tarief omhoog gegaan, dus daar hebben we ook rekening mee gehouden. Het btw-tarief voor logies staat nu op 21% en het ontbijt 9%. Voor de gast maakt het niet zoveel uit, die betaalt \u00e9\u00e9n bedrag, maar boekhoudtechnisch kan ik dit op elkaar afstemmen. Hoewel we nog niet vari\u00ebren met de prijzen en geen restricties hebben ingesteld, zijn dat bewuste keuzes. Op deze manier hopen we namelijk dat zoveel mogelijk gasten ons kunnen vinden en onze bekendheid groeit.<\/p>\n<p><img loading=\"lazy\" decoding=\"async\" class=\"alignnone wp-image-19821 size-full\" src=\"https:\/\/blog.bedandbreakfast.nl\/eigenaren\/wp-content\/uploads\/2026\/03\/bed-and-breakfast-starten-interview-natuurlijk-harderwijk-a.jpg\" alt=\"\" width=\"810\" height=\"450\" srcset=\"https:\/\/blog.bedandbreakfast.nl\/eigenaren\/wp-content\/uploads\/2026\/03\/bed-and-breakfast-starten-interview-natuurlijk-harderwijk-a.jpg 810w, https:\/\/blog.bedandbreakfast.nl\/eigenaren\/wp-content\/uploads\/2026\/03\/bed-and-breakfast-starten-interview-natuurlijk-harderwijk-a-300x167.jpg 300w, https:\/\/blog.bedandbreakfast.nl\/eigenaren\/wp-content\/uploads\/2026\/03\/bed-and-breakfast-starten-interview-natuurlijk-harderwijk-a-768x427.jpg 768w\" sizes=\"auto, (max-width: 810px) 100vw, 810px\" \/><\/p>\n<p>Andr\u00e9: En we hebben onze B&amp;B laten classificeren. Anja heeft die normenlijst helemaal ingevuld en dan zie je gelijk: hey, dit hebben we wel of dat hebben we niet. Het was wat dat betreft een goed hulpmiddel om te checken of we op de goede weg zaten. Volgens onze berekening kwamen we uit op vier tulpen, waarna we ons hebben aangemeld. Dat was een goede keuze, want het levert mooie reclame op.<\/p>\n<p>Anja: Ik heb eveneens een mail gestuurd naar het mailbestand van mijn kapsalon. Doordat ik 34 jaar die zaak heb gehad, ken ik de klanten erg goed. Ik krijg nu dus ook veel gasten in de B&amp;B die vroeger klant waren in de salon. Dat we nu geclassificeerd zijn met vier tulpen, helpt natuurlijk ook mee voor de marketing.<\/p>\n<h4>Hebben jullie nog tips voor anderen die willen starten?<\/h4>\n<p>Anja: Het handboek van Bedandbreakfast.nl biedt een hele goede start, want daar staan veel praktische tips in. Daarnaast is het heel slim om je gemeente te raadplegen, tenslotte zijn de regels overal anders. Maar vooral: denk in mogelijkheden. Soms is het antwoord eerst &#8216;nee&#8217;, maar dan moet je een andere weg zoeken.<\/p>\n<h4>Nieuwsgierig naar het hele verhaal?<\/h4>\n<p>Dit artikel is een verkorte weergave van het gesprek met Anja en Andr\u00e9. De volledige tekst, waarin zij dieper ingaan op de realisatie van hun B&amp;B Natuurlijk Harderwijk, het kostenplaatje en de opstartfase, is gepubliceerd in de nieuwste editie van het Handboek Bed &amp; Breakfast. Naast dit interview biedt het handboek uitgebreide praktische ondersteuning voor het starten en runnen van een B&amp;B in Nederland.<\/p>\n<p><strong><a class=\"mks_button mks_button_large rounded\" href=\"https:\/\/www.bedandbreakfast.nl\/nl\/handboek\" target=\"_blank\" style=\"color: #FFFFFF; background-color: #e54097;\" >Handboek bestellen<\/a><\/strong><\/p>\n<p><strong>Deel dit artikel:<\/strong><\/p>\n","protected":false},"excerpt":{"rendered":"<p>Sinds juli 2025 ontvangen Anja en Andr\u00e9 Spaan met plezier gasten bij hun B&#038;B, die gelegen is nabij het centrum van Harderwijk. We blikken terug op de periode waarin dit koppel hun B&#038;B is gestart: \u201cWe hadden niet echt een formeel plan, maar wel een financieel plaatje.\u201d<\/p>\n","protected":false},"author":8,"featured_media":19819,"comment_status":"open","ping_status":"closed","sticky":false,"template":"","format":"standard","meta":{"_monsterinsights_skip_tracking":false,"_monsterinsights_sitenote_active":false,"_monsterinsights_sitenote_note":"","_monsterinsights_sitenote_category":0,"jetpack_post_was_ever_published":false,"_jetpack_newsletter_access":"","_jetpack_dont_email_post_to_subs":false,"_jetpack_newsletter_tier_id":0,"_jetpack_memberships_contains_paywalled_content":false,"_jetpack_memberships_contains_paid_content":false,"footnotes":"","jetpack_publicize_message":"","jetpack_publicize_feature_enabled":true,"jetpack_social_post_already_shared":true,"jetpack_social_options":{"image_generator_settings":{"template":"highway","default_image_id":0,"font":"","enabled":false},"version":2}},"categories":[68],"tags":[],"coauthors":[480],"class_list":["post-19814","post","type-post","status-publish","format-standard","has-post-thumbnail","hentry","category-bb-starten"],"yoast_head":"<!-- This site is optimized with the Yoast SEO plugin v27.5 - https:\/\/yoast.com\/product\/yoast-seo-wordpress\/ -->\n<title>Interview met Anja en Andr\u00e9 van B&amp;B Natuurlijk Harderwijk<\/title>\n<meta name=\"description\" content=\"Sinds juli 2025 ontvangen Anja en Andr\u00e9 Spaan met plezier gasten bij hun B&amp;B, die gelegen is nabij het centrum van Harderwijk. We blikken terug op de periode waarin dit koppel hun B&amp;B is gestart: \u201cWe hadden niet echt een formeel plan, maar wel een financieel plaatje.\u201d\" \/>\n<meta name=\"robots\" content=\"index, follow, max-snippet:-1, max-image-preview:large, max-video-preview:-1\" \/>\n<link rel=\"canonical\" href=\"https:\/\/blog.bedandbreakfast.nl\/eigenaren\/interview-met-anja-en-andre-van-bb-natuurlijk-harderwijk\/\" \/>\n<meta property=\"og:locale\" content=\"nl_NL\" \/>\n<meta property=\"og:type\" content=\"article\" \/>\n<meta property=\"og:title\" content=\"Interview met Anja en Andr\u00e9 van B&amp;B Natuurlijk Harderwijk\" \/>\n<meta property=\"og:description\" content=\"Sinds juli 2025 ontvangen Anja en Andr\u00e9 Spaan met plezier gasten bij hun B&amp;B, die gelegen is nabij het centrum van Harderwijk. We blikken terug op de periode waarin dit koppel hun B&amp;B is gestart: \u201cWe hadden niet echt een formeel plan, maar wel een financieel plaatje.\u201d\" \/>\n<meta property=\"og:url\" content=\"https:\/\/blog.bedandbreakfast.nl\/eigenaren\/interview-met-anja-en-andre-van-bb-natuurlijk-harderwijk\/\" \/>\n<meta property=\"og:site_name\" content=\"Bed and Breakfast Nieuws | Blog voor B&amp;B Eigenaren\" \/>\n<meta property=\"article:published_time\" content=\"2026-03-06T09:53:03+00:00\" \/>\n<meta property=\"og:image\" content=\"https:\/\/blog.bedandbreakfast.nl\/eigenaren\/wp-content\/uploads\/2026\/03\/bed-and-breakfast-starten-interview-natuurlijk-harderwijk.jpg\" \/>\n\t<meta property=\"og:image:width\" content=\"1140\" \/>\n\t<meta property=\"og:image:height\" content=\"453\" \/>\n\t<meta property=\"og:image:type\" content=\"image\/jpeg\" \/>\n<meta name=\"author\" content=\"Josjah Thalen\" \/>\n<meta name=\"twitter:label1\" content=\"Geschreven door\" \/>\n\t<meta name=\"twitter:data1\" content=\"Josjah Thalen\" \/>\n\t<meta name=\"twitter:label2\" content=\"Geschatte leestijd\" \/>\n\t<meta name=\"twitter:data2\" content=\"6 minuten\" \/>\n\t<meta name=\"twitter:label3\" content=\"Written by\" \/>\n\t<meta name=\"twitter:data3\" content=\"Josjah Thalen\" \/>\n<script type=\"application\/ld+json\" class=\"yoast-schema-graph\">{\"@context\":\"https:\\\/\\\/schema.org\",\"@graph\":[{\"@type\":\"Article\",\"@id\":\"https:\\\/\\\/blog.bedandbreakfast.nl\\\/eigenaren\\\/interview-met-anja-en-andre-van-bb-natuurlijk-harderwijk\\\/#article\",\"isPartOf\":{\"@id\":\"https:\\\/\\\/blog.bedandbreakfast.nl\\\/eigenaren\\\/interview-met-anja-en-andre-van-bb-natuurlijk-harderwijk\\\/\"},\"author\":{\"name\":\"Josjah Thalen\",\"@id\":\"https:\\\/\\\/blog.bedandbreakfast.nl\\\/eigenaren\\\/#\\\/schema\\\/person\\\/d7a54feebce45950423d228c3f62ce29\"},\"headline\":\"Interview met Anja en Andr\u00e9 van B&#038;B Natuurlijk Harderwijk\",\"datePublished\":\"2026-03-06T09:53:03+00:00\",\"mainEntityOfPage\":{\"@id\":\"https:\\\/\\\/blog.bedandbreakfast.nl\\\/eigenaren\\\/interview-met-anja-en-andre-van-bb-natuurlijk-harderwijk\\\/\"},\"wordCount\":1023,\"commentCount\":0,\"image\":{\"@id\":\"https:\\\/\\\/blog.bedandbreakfast.nl\\\/eigenaren\\\/interview-met-anja-en-andre-van-bb-natuurlijk-harderwijk\\\/#primaryimage\"},\"thumbnailUrl\":\"https:\\\/\\\/blog.bedandbreakfast.nl\\\/eigenaren\\\/wp-content\\\/uploads\\\/2026\\\/03\\\/bed-and-breakfast-starten-interview-natuurlijk-harderwijk.jpg\",\"articleSection\":[\"B&amp;B starten\"],\"inLanguage\":\"nl-NL\",\"potentialAction\":[{\"@type\":\"CommentAction\",\"name\":\"Comment\",\"target\":[\"https:\\\/\\\/blog.bedandbreakfast.nl\\\/eigenaren\\\/interview-met-anja-en-andre-van-bb-natuurlijk-harderwijk\\\/#respond\"]}]},{\"@type\":\"WebPage\",\"@id\":\"https:\\\/\\\/blog.bedandbreakfast.nl\\\/eigenaren\\\/interview-met-anja-en-andre-van-bb-natuurlijk-harderwijk\\\/\",\"url\":\"https:\\\/\\\/blog.bedandbreakfast.nl\\\/eigenaren\\\/interview-met-anja-en-andre-van-bb-natuurlijk-harderwijk\\\/\",\"name\":\"Interview met Anja en Andr\u00e9 van B&B Natuurlijk Harderwijk\",\"isPartOf\":{\"@id\":\"https:\\\/\\\/blog.bedandbreakfast.nl\\\/eigenaren\\\/#website\"},\"primaryImageOfPage\":{\"@id\":\"https:\\\/\\\/blog.bedandbreakfast.nl\\\/eigenaren\\\/interview-met-anja-en-andre-van-bb-natuurlijk-harderwijk\\\/#primaryimage\"},\"image\":{\"@id\":\"https:\\\/\\\/blog.bedandbreakfast.nl\\\/eigenaren\\\/interview-met-anja-en-andre-van-bb-natuurlijk-harderwijk\\\/#primaryimage\"},\"thumbnailUrl\":\"https:\\\/\\\/blog.bedandbreakfast.nl\\\/eigenaren\\\/wp-content\\\/uploads\\\/2026\\\/03\\\/bed-and-breakfast-starten-interview-natuurlijk-harderwijk.jpg\",\"datePublished\":\"2026-03-06T09:53:03+00:00\",\"author\":{\"@id\":\"https:\\\/\\\/blog.bedandbreakfast.nl\\\/eigenaren\\\/#\\\/schema\\\/person\\\/d7a54feebce45950423d228c3f62ce29\"},\"description\":\"Sinds juli 2025 ontvangen Anja en Andr\u00e9 Spaan met plezier gasten bij hun B&B, die gelegen is nabij het centrum van Harderwijk. We blikken terug op de periode waarin dit koppel hun B&B is gestart: \u201cWe hadden niet echt een formeel plan, maar wel een financieel plaatje.\u201d\",\"inLanguage\":\"nl-NL\",\"potentialAction\":[{\"@type\":\"ReadAction\",\"target\":[\"https:\\\/\\\/blog.bedandbreakfast.nl\\\/eigenaren\\\/interview-met-anja-en-andre-van-bb-natuurlijk-harderwijk\\\/\"]}]},{\"@type\":\"ImageObject\",\"inLanguage\":\"nl-NL\",\"@id\":\"https:\\\/\\\/blog.bedandbreakfast.nl\\\/eigenaren\\\/interview-met-anja-en-andre-van-bb-natuurlijk-harderwijk\\\/#primaryimage\",\"url\":\"https:\\\/\\\/blog.bedandbreakfast.nl\\\/eigenaren\\\/wp-content\\\/uploads\\\/2026\\\/03\\\/bed-and-breakfast-starten-interview-natuurlijk-harderwijk.jpg\",\"contentUrl\":\"https:\\\/\\\/blog.bedandbreakfast.nl\\\/eigenaren\\\/wp-content\\\/uploads\\\/2026\\\/03\\\/bed-and-breakfast-starten-interview-natuurlijk-harderwijk.jpg\",\"width\":1140,\"height\":453,\"caption\":\"Bedandbreakfast.nl; Interview met Anja en Andr\u00e9 van B&B Natuurlijk Harderwijk\"},{\"@type\":\"WebSite\",\"@id\":\"https:\\\/\\\/blog.bedandbreakfast.nl\\\/eigenaren\\\/#website\",\"url\":\"https:\\\/\\\/blog.bedandbreakfast.nl\\\/eigenaren\\\/\",\"name\":\"Bed and Breakfast Nieuws | Blog voor B&amp;B Eigenaren\",\"description\":\"\",\"potentialAction\":[{\"@type\":\"SearchAction\",\"target\":{\"@type\":\"EntryPoint\",\"urlTemplate\":\"https:\\\/\\\/blog.bedandbreakfast.nl\\\/eigenaren\\\/?s={search_term_string}\"},\"query-input\":{\"@type\":\"PropertyValueSpecification\",\"valueRequired\":true,\"valueName\":\"search_term_string\"}}],\"inLanguage\":\"nl-NL\"},{\"@type\":\"Person\",\"@id\":\"https:\\\/\\\/blog.bedandbreakfast.nl\\\/eigenaren\\\/#\\\/schema\\\/person\\\/d7a54feebce45950423d228c3f62ce29\",\"name\":\"Josjah Thalen\",\"image\":{\"@type\":\"ImageObject\",\"inLanguage\":\"nl-NL\",\"@id\":\"https:\\\/\\\/secure.gravatar.com\\\/avatar\\\/3d323b3d641ca48940632a24b66d5a8f02f80c664a198c89b40906f74c1159e4?s=96&d=wp_user_avatar&r=ga7fe69c837411740ca0aafbff074d3c3\",\"url\":\"https:\\\/\\\/secure.gravatar.com\\\/avatar\\\/3d323b3d641ca48940632a24b66d5a8f02f80c664a198c89b40906f74c1159e4?s=96&d=wp_user_avatar&r=g\",\"contentUrl\":\"https:\\\/\\\/secure.gravatar.com\\\/avatar\\\/3d323b3d641ca48940632a24b66d5a8f02f80c664a198c89b40906f74c1159e4?s=96&d=wp_user_avatar&r=g\",\"caption\":\"Josjah Thalen\"},\"description\":\"Eindredacteur bij Bedandbreakfast.eu B.V.\",\"sameAs\":[\"http:\\\/\\\/www.bedandbreakfast.nl\"],\"url\":\"https:\\\/\\\/blog.bedandbreakfast.nl\\\/eigenaren\\\/author\\\/josjah\\\/\"}]}<\/script>\n<!-- \/ Yoast SEO plugin. -->","yoast_head_json":{"title":"Interview met Anja en Andr\u00e9 van B&B Natuurlijk Harderwijk","description":"Sinds juli 2025 ontvangen Anja en Andr\u00e9 Spaan met plezier gasten bij hun B&B, die gelegen is nabij het centrum van Harderwijk. We blikken terug op de periode waarin dit koppel hun B&B is gestart: \u201cWe hadden niet echt een formeel plan, maar wel een financieel plaatje.\u201d","robots":{"index":"index","follow":"follow","max-snippet":"max-snippet:-1","max-image-preview":"max-image-preview:large","max-video-preview":"max-video-preview:-1"},"canonical":"https:\/\/blog.bedandbreakfast.nl\/eigenaren\/interview-met-anja-en-andre-van-bb-natuurlijk-harderwijk\/","og_locale":"nl_NL","og_type":"article","og_title":"Interview met Anja en Andr\u00e9 van B&B Natuurlijk Harderwijk","og_description":"Sinds juli 2025 ontvangen Anja en Andr\u00e9 Spaan met plezier gasten bij hun B&B, die gelegen is nabij het centrum van Harderwijk. We blikken terug op de periode waarin dit koppel hun B&B is gestart: \u201cWe hadden niet echt een formeel plan, maar wel een financieel plaatje.\u201d","og_url":"https:\/\/blog.bedandbreakfast.nl\/eigenaren\/interview-met-anja-en-andre-van-bb-natuurlijk-harderwijk\/","og_site_name":"Bed and Breakfast Nieuws | Blog voor B&amp;B Eigenaren","article_published_time":"2026-03-06T09:53:03+00:00","og_image":[{"width":1140,"height":453,"url":"https:\/\/blog.bedandbreakfast.nl\/eigenaren\/wp-content\/uploads\/2026\/03\/bed-and-breakfast-starten-interview-natuurlijk-harderwijk.jpg","type":"image\/jpeg"}],"author":"Josjah Thalen","twitter_misc":{"Geschreven door":"Josjah Thalen","Geschatte leestijd":"6 minuten","Written by":"Josjah Thalen"},"schema":{"@context":"https:\/\/schema.org","@graph":[{"@type":"Article","@id":"https:\/\/blog.bedandbreakfast.nl\/eigenaren\/interview-met-anja-en-andre-van-bb-natuurlijk-harderwijk\/#article","isPartOf":{"@id":"https:\/\/blog.bedandbreakfast.nl\/eigenaren\/interview-met-anja-en-andre-van-bb-natuurlijk-harderwijk\/"},"author":{"name":"Josjah Thalen","@id":"https:\/\/blog.bedandbreakfast.nl\/eigenaren\/#\/schema\/person\/d7a54feebce45950423d228c3f62ce29"},"headline":"Interview met Anja en Andr\u00e9 van B&#038;B Natuurlijk Harderwijk","datePublished":"2026-03-06T09:53:03+00:00","mainEntityOfPage":{"@id":"https:\/\/blog.bedandbreakfast.nl\/eigenaren\/interview-met-anja-en-andre-van-bb-natuurlijk-harderwijk\/"},"wordCount":1023,"commentCount":0,"image":{"@id":"https:\/\/blog.bedandbreakfast.nl\/eigenaren\/interview-met-anja-en-andre-van-bb-natuurlijk-harderwijk\/#primaryimage"},"thumbnailUrl":"https:\/\/blog.bedandbreakfast.nl\/eigenaren\/wp-content\/uploads\/2026\/03\/bed-and-breakfast-starten-interview-natuurlijk-harderwijk.jpg","articleSection":["B&amp;B starten"],"inLanguage":"nl-NL","potentialAction":[{"@type":"CommentAction","name":"Comment","target":["https:\/\/blog.bedandbreakfast.nl\/eigenaren\/interview-met-anja-en-andre-van-bb-natuurlijk-harderwijk\/#respond"]}]},{"@type":"WebPage","@id":"https:\/\/blog.bedandbreakfast.nl\/eigenaren\/interview-met-anja-en-andre-van-bb-natuurlijk-harderwijk\/","url":"https:\/\/blog.bedandbreakfast.nl\/eigenaren\/interview-met-anja-en-andre-van-bb-natuurlijk-harderwijk\/","name":"Interview met Anja en Andr\u00e9 van B&B Natuurlijk Harderwijk","isPartOf":{"@id":"https:\/\/blog.bedandbreakfast.nl\/eigenaren\/#website"},"primaryImageOfPage":{"@id":"https:\/\/blog.bedandbreakfast.nl\/eigenaren\/interview-met-anja-en-andre-van-bb-natuurlijk-harderwijk\/#primaryimage"},"image":{"@id":"https:\/\/blog.bedandbreakfast.nl\/eigenaren\/interview-met-anja-en-andre-van-bb-natuurlijk-harderwijk\/#primaryimage"},"thumbnailUrl":"https:\/\/blog.bedandbreakfast.nl\/eigenaren\/wp-content\/uploads\/2026\/03\/bed-and-breakfast-starten-interview-natuurlijk-harderwijk.jpg","datePublished":"2026-03-06T09:53:03+00:00","author":{"@id":"https:\/\/blog.bedandbreakfast.nl\/eigenaren\/#\/schema\/person\/d7a54feebce45950423d228c3f62ce29"},"description":"Sinds juli 2025 ontvangen Anja en Andr\u00e9 Spaan met plezier gasten bij hun B&B, die gelegen is nabij het centrum van Harderwijk. We blikken terug op de periode waarin dit koppel hun B&B is gestart: \u201cWe hadden niet echt een formeel plan, maar wel een financieel plaatje.\u201d","inLanguage":"nl-NL","potentialAction":[{"@type":"ReadAction","target":["https:\/\/blog.bedandbreakfast.nl\/eigenaren\/interview-met-anja-en-andre-van-bb-natuurlijk-harderwijk\/"]}]},{"@type":"ImageObject","inLanguage":"nl-NL","@id":"https:\/\/blog.bedandbreakfast.nl\/eigenaren\/interview-met-anja-en-andre-van-bb-natuurlijk-harderwijk\/#primaryimage","url":"https:\/\/blog.bedandbreakfast.nl\/eigenaren\/wp-content\/uploads\/2026\/03\/bed-and-breakfast-starten-interview-natuurlijk-harderwijk.jpg","contentUrl":"https:\/\/blog.bedandbreakfast.nl\/eigenaren\/wp-content\/uploads\/2026\/03\/bed-and-breakfast-starten-interview-natuurlijk-harderwijk.jpg","width":1140,"height":453,"caption":"Bedandbreakfast.nl; Interview met Anja en Andr\u00e9 van B&B Natuurlijk Harderwijk"},{"@type":"WebSite","@id":"https:\/\/blog.bedandbreakfast.nl\/eigenaren\/#website","url":"https:\/\/blog.bedandbreakfast.nl\/eigenaren\/","name":"Bed and Breakfast Nieuws | Blog voor B&amp;B Eigenaren","description":"","potentialAction":[{"@type":"SearchAction","target":{"@type":"EntryPoint","urlTemplate":"https:\/\/blog.bedandbreakfast.nl\/eigenaren\/?s={search_term_string}"},"query-input":{"@type":"PropertyValueSpecification","valueRequired":true,"valueName":"search_term_string"}}],"inLanguage":"nl-NL"},{"@type":"Person","@id":"https:\/\/blog.bedandbreakfast.nl\/eigenaren\/#\/schema\/person\/d7a54feebce45950423d228c3f62ce29","name":"Josjah Thalen","image":{"@type":"ImageObject","inLanguage":"nl-NL","@id":"https:\/\/secure.gravatar.com\/avatar\/3d323b3d641ca48940632a24b66d5a8f02f80c664a198c89b40906f74c1159e4?s=96&d=wp_user_avatar&r=ga7fe69c837411740ca0aafbff074d3c3","url":"https:\/\/secure.gravatar.com\/avatar\/3d323b3d641ca48940632a24b66d5a8f02f80c664a198c89b40906f74c1159e4?s=96&d=wp_user_avatar&r=g","contentUrl":"https:\/\/secure.gravatar.com\/avatar\/3d323b3d641ca48940632a24b66d5a8f02f80c664a198c89b40906f74c1159e4?s=96&d=wp_user_avatar&r=g","caption":"Josjah Thalen"},"description":"Eindredacteur bij Bedandbreakfast.eu B.V.","sameAs":["http:\/\/www.bedandbreakfast.nl"],"url":"https:\/\/blog.bedandbreakfast.nl\/eigenaren\/author\/josjah\/"}]}},"jetpack_publicize_connections":[],"jetpack_featured_media_url":"https:\/\/blog.bedandbreakfast.nl\/eigenaren\/wp-content\/uploads\/2026\/03\/bed-and-breakfast-starten-interview-natuurlijk-harderwijk.jpg","jetpack_shortlink":"https:\/\/wp.me\/p1XIgm-59A","jetpack_sharing_enabled":true,"_links":{"self":[{"href":"https://www.bedandbreakfast.nl/blog/eigenaren/wp-json/wp\/v2\/posts\/19814","targetHints":{"allow":["GET"]}}],"collection":[{"href":"https://www.bedandbreakfast.nl/blog/eigenaren/wp-json/wp\/v2\/posts"}],"about":[{"href":"https://www.bedandbreakfast.nl/blog/eigenaren/wp-json/wp\/v2\/types\/post"}],"author":[{"embeddable":true,"href":"https://www.bedandbreakfast.nl/blog/eigenaren/wp-json/wp\/v2\/users\/8"}],"replies":[{"embeddable":true,"href":"https://www.bedandbreakfast.nl/blog/eigenaren/wp-json/wp\/v2\/comments?post=19814"}],"version-history":[{"count":10,"href":"https://www.bedandbreakfast.nl/blog/eigenaren/wp-json/wp\/v2\/posts\/19814\/revisions"}],"predecessor-version":[{"id":19828,"href":"https://www.bedandbreakfast.nl/blog/eigenaren/wp-json/wp\/v2\/posts\/19814\/revisions\/19828"}],"wp:featuredmedia":[{"embeddable":true,"href":"https://www.bedandbreakfast.nl/blog/eigenaren/wp-json/wp\/v2\/media\/19819"}],"wp:attachment":[{"href":"https://www.bedandbreakfast.nl/blog/eigenaren/wp-json/wp\/v2\/media?parent=19814"}],"wp:term":[{"taxonomy":"category","embeddable":true,"href":"https://www.bedandbreakfast.nl/blog/eigenaren/wp-json/wp\/v2\/categories?post=19814"},{"taxonomy":"post_tag","embeddable":true,"href":"https://www.bedandbreakfast.nl/blog/eigenaren/wp-json/wp\/v2\/tags?post=19814"},{"taxonomy":"author","embeddable":true,"href":"https://www.bedandbreakfast.nl/blog/eigenaren/wp-json/wp\/v2\/coauthors?post=19814"}],"curies":[{"name":"wp","href":"https:\/\/api.w.org\/{rel}","templated":true}]}}