{"id":2594,"date":"2012-05-11T08:12:52","date_gmt":"2012-05-11T06:12:52","guid":{"rendered":"http:\/\/www.bedandbreakfast.nl\/blog\/eigenaren\/?p=3033"},"modified":"2017-09-08T13:26:50","modified_gmt":"2017-09-08T11:26:50","slug":"tv-serie-bed-breakfast-aflevering-3","status":"publish","type":"post","link":"https:\/\/blog.bedandbreakfast.nl\/eigenaren\/tv-serie-bed-breakfast-aflevering-3\/","title":{"rendered":"Tv-serie Bed &#038; Breakfast: aflevering 3"},"content":{"rendered":"<div id=\"attachment_3118\" style=\"width: 460px\" class=\"wp-caption alignnone\"><a href=\"http:\/\/www.bedandbreakfast.nl\/bed-and-breakfast-nl\/amerongen\/het-gasthuys\/8640\"><img loading=\"lazy\" decoding=\"async\" aria-describedby=\"caption-attachment-3118\" class=\"size-full wp-image-3118 \" title=\"Bed &amp; Breakfast Het Gasthuys\" alt=\"B&amp;B Het Gasthuys in Amerongen\" src=\"https://blog.bedandbreakfast.nl/wp-content\/uploads\/2012\/05\/gasthuys1.jpg\" width=\"450\" height=\"300\" \/><\/a><p id=\"caption-attachment-3118\" class=\"wp-caption-text\">Bed &amp; Breakfast Het Gasthuys in Amerongen is \u00e9\u00e9n van de drie deelnemers aan het tv-programma Bed &amp; Breakfast.<\/p><\/div>\n<p>De derde aflevering van het populaire tv-programma &#8216;Bed &amp; Breakfast&#8217; wordt op vrijdag 11 mei uitgezonden door Omroep MAX. Drie koppels logeren steeds een nacht in elkaars B&amp;B en betalen na afloop wat zij vinden dat het verblijf waard was.\u00a0<a title=\"Bedandbreakfast.nl\" href=\"http:\/\/www.bedandbreakfast.nl\">Bedandbreakfast.nl<\/a> stelt de deelnemende bed en breakfasts aan je voor.\u00a0<!--more--><\/p>\n<div id=\"attachment_3119\" style=\"width: 460px\" class=\"wp-caption alignnone\"><a href=\"http:\/\/www.bedandbreakfast.nl\/bed-and-breakfast-nl\/amerongen\/het-gasthuys\/8640\"><img loading=\"lazy\" decoding=\"async\" aria-describedby=\"caption-attachment-3119\" class=\"size-full wp-image-3119 \" title=\"Bed &amp; Breakfast Het Gasthuys\" alt=\"Tv-programma Omroep MAX: Het Gasthuys\" src=\"https://blog.bedandbreakfast.nl/wp-content\/uploads\/2012\/05\/gasthuys2.jpg\" width=\"450\" height=\"300\" \/><\/a><p id=\"caption-attachment-3119\" class=\"wp-caption-text\">Het Gasthuys in Amerongen is een Rijksmonument uit 1850.<\/p><\/div>\n<p><strong>Bed &amp; Breakfast Het Gasthuys in Amerongen, Utrecht<\/strong><a title=\"Bed &amp; Breakfast Het Gasthuys in Amerongen\" href=\"http:\/\/www.bedandbreakfast.nl\/bed-and-breakfast-nl\/amerongen\/het-gasthuys\/8640\"><br \/>\nBed &amp; Breakfast Het Gasthuys in Amerongen<\/a>\u00a0is gevestigd in een Rijksmonument uit 1850 in het fraaie oude gedeelte van Amerongen. Lennard en Astrid van Hattum\u00a0hebben het pand eigenhandig gerestaureerd. De B&amp;B heeft vier luxe gastenkamers waaronder \u00e9\u00e9n bruidssuite met een bruidsbed uit 1820 en een bedstede. &#8220;Wij willen graag en zorgen er dan ook voor dat u zich thuisvoelt&#8221;, stellen Lennard en Astrid in het vooruitzicht.<\/p>\n<div id=\"attachment_3099\" style=\"width: 460px\" class=\"wp-caption alignnone\"><a href=\"http:\/\/www.bedandbreakfast.nl\/bed-and-breakfast-nl\/rotterdam\/maria-callas-yachthotel\/58133\/\"><img loading=\"lazy\" decoding=\"async\" aria-describedby=\"caption-attachment-3099\" class=\"size-full wp-image-3099  \" title=\"Bed &amp; Breakfast Een Jacht voor een Nacht\" alt=\"B&amp;B op een jacht\" src=\"https://blog.bedandbreakfast.nl/wp-content\/uploads\/2012\/05\/JachtNacht.jpg\" width=\"450\" height=\"344\" \/><\/a><p id=\"caption-attachment-3099\" class=\"wp-caption-text\">Een Jacht voor een Nacht is een luxe jacht in een Rotterdamse haven.<\/p><\/div>\n<p><strong>B&amp;B Een Jacht Voor Een Nacht in Rotterdam, Zuid-Holland<\/strong><a title=\"B&amp;B Een Jacht voor een Nacht\" href=\"http:\/\/www.bedandbreakfast.nl\/bed-and-breakfast-nl\/rotterdam\/maria-callas-yachthotel\/58133\/\"><br \/>\nEen Jacht Voor een Nacht in Rotterdam<\/a> is een bed &amp; breakfast op &#8211; de naam zegt het al &#8211; een motorjacht. Bijzonder: de boot is ooit eigendom geweest van de wereldberoemde zangeres Maria Callas. Het jacht beschikt over \u00e9\u00e9n luxe suite en \u00e9\u00e9n gastencabine. &#8220;Wij wensen u een fijne tijd aan boord van dit mooie jacht. Geniet van de tocht en van elkaar&#8221;, aldus Willem en Marion.<\/p>\n<div id=\"attachment_3114\" style=\"width: 277px\" class=\"wp-caption alignleft\"><a href=\"http:\/\/www.bedandbreakfast.nl\/bed-and-breakfast-nl\/zaandam\/heerlijck-slaapen-op-de-zaanse-schans-bb\/7676\"><img loading=\"lazy\" decoding=\"async\" aria-describedby=\"caption-attachment-3114\" class=\"size-full wp-image-3114  \" title=\"Zaanse Schans Bed  &amp; Breakfast\" alt=\"Bed &amp; breakfast op de Zaanse Schans\" src=\"https://blog.bedandbreakfast.nl/wp-content\/uploads\/2012\/05\/ZaanseSchans_BenB.jpg\" width=\"267\" height=\"400\" \/><\/a><p id=\"caption-attachment-3114\" class=\"wp-caption-text\">Heerlijkck Slaapen op de Zaanse Schans: Oer-Hollands gevoel.<\/p><\/div>\n<p><strong>Heerlijck Slaapen in Zaandam, Noord-Holland\u00a0<\/strong><br \/>\nBij <a title=\"Bed &amp; Breakfast Heerlijck Slaapen op de Zaanse Schans\" href=\"http:\/\/www.bedandbreakfast.nl\/bed-and-breakfast-nl\/zaandam\/heerlijck-slaapen-op-de-zaanse-schans-bb\/7676\">Bed &amp; Breakfast Heerlijck Slaapen op de Zaanse Schans<\/a>\u00a0verblijf je midden op d\u00e9 toeristische trekpleister van Nederland. In drie monumentale panden hebben Isabella de Jong en Rob la Grand hun bed &amp; breakfast ingericht. Een oer-Hollands gevoel is gegarandeerd! <a title=\"Interview met Heerlijck Slaapen op de Zaanse Schans\" href=\"http:\/\/www.bedandbreakfast.nl\/blog\/eigenaren\/2012\/05\/09\/tv-programma-bed-and-breakfast-interview-met-heerlijck-slaapen-op-de-zaanse-schans\/\">Lees hier het interview<\/a> van Bedandbreakfast.nl met het Isabella over hun deelname aan het programma.<\/p>\n<p><a title=\"Bedandbreakfast.nl\" href=\"http:\/\/www.bedandbreakfast.nl\">Bekijk meer dan 4.400 bed en breakfasts in Nederland op Bedandbreakfast.nl<\/a>\u00a0&gt;&gt;<\/p>\n<p><em>MAX, \u2018Bed &amp; Breakfast\u2019<\/em><br \/>\n<em>Vrijdag 4 mei 2012,\u00a021.30 uur, Ned 1<\/em><\/p>\n","protected":false},"excerpt":{"rendered":"<p>De derde aflevering van het populaire tv-programma &#8216;Bed &amp; Breakfast&#8217; wordt op vrijdag 11 mei uitgezonden door Omroep MAX. Drie koppels logeren steeds een nacht in elkaars B&amp;B en betalen na afloop wat zij vinden dat het verblijf waard was.\u00a0Bedandbreakfast.nl stelt de deelnemende bed en breakfasts aan je voor.\u00a0<\/p>\n","protected":false},"author":2,"featured_media":0,"comment_status":"open","ping_status":"open","sticky":false,"template":"","format":"standard","meta":{"_monsterinsights_skip_tracking":false,"_monsterinsights_sitenote_active":false,"_monsterinsights_sitenote_note":"","_monsterinsights_sitenote_category":0,"jetpack_post_was_ever_published":false,"_jetpack_newsletter_access":"","_jetpack_dont_email_post_to_subs":true,"_jetpack_newsletter_tier_id":0,"_jetpack_memberships_contains_paywalled_content":false,"_jetpack_memberships_contains_paid_content":false,"footnotes":"","jetpack_publicize_message":"","jetpack_publicize_feature_enabled":true,"jetpack_social_post_already_shared":false,"jetpack_social_options":{"image_generator_settings":{"template":"highway","default_image_id":0,"font":"","enabled":false},"version":2}},"categories":[1,213],"tags":[31,67,189,100,101,141,58],"coauthors":[479],"class_list":["post-2594","post","type-post","status-publish","format-standard","hentry","category-algemeen","category-televisie","tag-bed-breakfast","tag-bed-en-breakfast","tag-media","tag-omroep-max","tag-programma","tag-televisie","tag-tv"],"yoast_head":"<!-- This site is optimized with the Yoast SEO plugin v27.5 - https:\/\/yoast.com\/product\/yoast-seo-wordpress\/ -->\n<title>Tv-serie Bed &amp; Breakfast: aflevering 3 - Bed and Breakfast Nieuws | Blog voor B&amp;B Eigenaren<\/title>\n<meta name=\"robots\" content=\"index, follow, max-snippet:-1, max-image-preview:large, max-video-preview:-1\" \/>\n<link rel=\"canonical\" href=\"https:\/\/blog.bedandbreakfast.nl\/eigenaren\/tv-serie-bed-breakfast-aflevering-3\/\" \/>\n<meta property=\"og:locale\" content=\"nl_NL\" \/>\n<meta property=\"og:type\" content=\"article\" \/>\n<meta property=\"og:title\" content=\"Tv-serie Bed &amp; Breakfast: aflevering 3 - Bed and Breakfast Nieuws | Blog voor B&amp;B Eigenaren\" \/>\n<meta property=\"og:description\" content=\"De derde aflevering van het populaire tv-programma &#8216;Bed &amp; Breakfast&#8217; wordt op vrijdag 11 mei uitgezonden door Omroep MAX. Drie koppels logeren steeds een nacht in elkaars B&amp;B en betalen na afloop wat zij vinden dat het verblijf waard was.\u00a0Bedandbreakfast.nl stelt de deelnemende bed en breakfasts aan je voor.\u00a0\" \/>\n<meta property=\"og:url\" content=\"https:\/\/blog.bedandbreakfast.nl\/eigenaren\/tv-serie-bed-breakfast-aflevering-3\/\" \/>\n<meta property=\"og:site_name\" content=\"Bed and Breakfast Nieuws | Blog voor B&amp;B Eigenaren\" \/>\n<meta property=\"article:published_time\" content=\"2012-05-11T06:12:52+00:00\" \/>\n<meta property=\"article:modified_time\" content=\"2017-09-08T11:26:50+00:00\" \/>\n<meta property=\"og:image\" content=\"https://blog.bedandbreakfast.nl/wp-content\/uploads\/2012\/05\/gasthuys1.jpg\" \/>\n<meta name=\"author\" content=\"Janneke Scheepers\" \/>\n<meta name=\"twitter:label1\" content=\"Geschreven door\" \/>\n\t<meta name=\"twitter:data1\" content=\"Janneke Scheepers\" \/>\n\t<meta name=\"twitter:label2\" content=\"Geschatte leestijd\" \/>\n\t<meta name=\"twitter:data2\" content=\"2 minuten\" \/>\n\t<meta name=\"twitter:label3\" content=\"Written by\" \/>\n\t<meta name=\"twitter:data3\" content=\"Janneke Scheepers\" \/>\n<script type=\"application\/ld+json\" class=\"yoast-schema-graph\">{\"@context\":\"https:\\\/\\\/schema.org\",\"@graph\":[{\"@type\":\"Article\",\"@id\":\"https:\\\/\\\/blog.bedandbreakfast.nl\\\/eigenaren\\\/tv-serie-bed-breakfast-aflevering-3\\\/#article\",\"isPartOf\":{\"@id\":\"https:\\\/\\\/blog.bedandbreakfast.nl\\\/eigenaren\\\/tv-serie-bed-breakfast-aflevering-3\\\/\"},\"author\":{\"name\":\"Janneke Scheepers\",\"@id\":\"https:\\\/\\\/blog.bedandbreakfast.nl\\\/eigenaren\\\/#\\\/schema\\\/person\\\/6dfc0dcf996a362fd829625f7265f53e\"},\"headline\":\"Tv-serie Bed &#038; Breakfast: aflevering 3\",\"datePublished\":\"2012-05-11T06:12:52+00:00\",\"dateModified\":\"2017-09-08T11:26:50+00:00\",\"mainEntityOfPage\":{\"@id\":\"https:\\\/\\\/blog.bedandbreakfast.nl\\\/eigenaren\\\/tv-serie-bed-breakfast-aflevering-3\\\/\"},\"wordCount\":370,\"commentCount\":0,\"image\":{\"@id\":\"https:\\\/\\\/blog.bedandbreakfast.nl\\\/eigenaren\\\/tv-serie-bed-breakfast-aflevering-3\\\/#primaryimage\"},\"thumbnailUrl\":\"http:\\\/\\\/www.bedandbreakfast.nl\\\/blog\\\/wp-content\\\/uploads\\\/2012\\\/05\\\/gasthuys1.jpg\",\"keywords\":[\"bed &amp; breakfast\",\"bed en breakfast\",\"media\",\"omroep max\",\"programma\",\"televisie\",\"tv\"],\"articleSection\":[\"Algemeen\",\"Televisie\"],\"inLanguage\":\"nl-NL\",\"potentialAction\":[{\"@type\":\"CommentAction\",\"name\":\"Comment\",\"target\":[\"https:\\\/\\\/blog.bedandbreakfast.nl\\\/eigenaren\\\/tv-serie-bed-breakfast-aflevering-3\\\/#respond\"]}]},{\"@type\":\"WebPage\",\"@id\":\"https:\\\/\\\/blog.bedandbreakfast.nl\\\/eigenaren\\\/tv-serie-bed-breakfast-aflevering-3\\\/\",\"url\":\"https:\\\/\\\/blog.bedandbreakfast.nl\\\/eigenaren\\\/tv-serie-bed-breakfast-aflevering-3\\\/\",\"name\":\"Tv-serie Bed & Breakfast: aflevering 3 - Bed and Breakfast Nieuws | Blog voor B&amp;B Eigenaren\",\"isPartOf\":{\"@id\":\"https:\\\/\\\/blog.bedandbreakfast.nl\\\/eigenaren\\\/#website\"},\"primaryImageOfPage\":{\"@id\":\"https:\\\/\\\/blog.bedandbreakfast.nl\\\/eigenaren\\\/tv-serie-bed-breakfast-aflevering-3\\\/#primaryimage\"},\"image\":{\"@id\":\"https:\\\/\\\/blog.bedandbreakfast.nl\\\/eigenaren\\\/tv-serie-bed-breakfast-aflevering-3\\\/#primaryimage\"},\"thumbnailUrl\":\"http:\\\/\\\/www.bedandbreakfast.nl\\\/blog\\\/wp-content\\\/uploads\\\/2012\\\/05\\\/gasthuys1.jpg\",\"datePublished\":\"2012-05-11T06:12:52+00:00\",\"dateModified\":\"2017-09-08T11:26:50+00:00\",\"author\":{\"@id\":\"https:\\\/\\\/blog.bedandbreakfast.nl\\\/eigenaren\\\/#\\\/schema\\\/person\\\/6dfc0dcf996a362fd829625f7265f53e\"},\"inLanguage\":\"nl-NL\",\"potentialAction\":[{\"@type\":\"ReadAction\",\"target\":[\"https:\\\/\\\/blog.bedandbreakfast.nl\\\/eigenaren\\\/tv-serie-bed-breakfast-aflevering-3\\\/\"]}]},{\"@type\":\"ImageObject\",\"inLanguage\":\"nl-NL\",\"@id\":\"https:\\\/\\\/blog.bedandbreakfast.nl\\\/eigenaren\\\/tv-serie-bed-breakfast-aflevering-3\\\/#primaryimage\",\"url\":\"http:\\\/\\\/www.bedandbreakfast.nl\\\/blog\\\/wp-content\\\/uploads\\\/2012\\\/05\\\/gasthuys1.jpg\",\"contentUrl\":\"http:\\\/\\\/www.bedandbreakfast.nl\\\/blog\\\/wp-content\\\/uploads\\\/2012\\\/05\\\/gasthuys1.jpg\"},{\"@type\":\"WebSite\",\"@id\":\"https:\\\/\\\/blog.bedandbreakfast.nl\\\/eigenaren\\\/#website\",\"url\":\"https:\\\/\\\/blog.bedandbreakfast.nl\\\/eigenaren\\\/\",\"name\":\"Bed and Breakfast Nieuws | Blog voor B&amp;B Eigenaren\",\"description\":\"\",\"potentialAction\":[{\"@type\":\"SearchAction\",\"target\":{\"@type\":\"EntryPoint\",\"urlTemplate\":\"https:\\\/\\\/blog.bedandbreakfast.nl\\\/eigenaren\\\/?s={search_term_string}\"},\"query-input\":{\"@type\":\"PropertyValueSpecification\",\"valueRequired\":true,\"valueName\":\"search_term_string\"}}],\"inLanguage\":\"nl-NL\"},{\"@type\":\"Person\",\"@id\":\"https:\\\/\\\/blog.bedandbreakfast.nl\\\/eigenaren\\\/#\\\/schema\\\/person\\\/6dfc0dcf996a362fd829625f7265f53e\",\"name\":\"Janneke Scheepers\",\"image\":{\"@type\":\"ImageObject\",\"inLanguage\":\"nl-NL\",\"@id\":\"https:\\\/\\\/secure.gravatar.com\\\/avatar\\\/0a6bacb5ed0777a84a2ec3cba709a9567f86b37d14036cca6a43feafe40d1900?s=96&d=wp_user_avatar&r=g2e7753d35cc3857a519e88499dd3797f\",\"url\":\"https:\\\/\\\/secure.gravatar.com\\\/avatar\\\/0a6bacb5ed0777a84a2ec3cba709a9567f86b37d14036cca6a43feafe40d1900?s=96&d=wp_user_avatar&r=g\",\"contentUrl\":\"https:\\\/\\\/secure.gravatar.com\\\/avatar\\\/0a6bacb5ed0777a84a2ec3cba709a9567f86b37d14036cca6a43feafe40d1900?s=96&d=wp_user_avatar&r=g\",\"caption\":\"Janneke Scheepers\"},\"description\":\"Webredacteur bij Bedandbreakfast.eu B.V. tot februari 2016.\",\"url\":\"https:\\\/\\\/blog.bedandbreakfast.nl\\\/eigenaren\\\/author\\\/janneke\\\/\"}]}<\/script>\n<!-- \/ Yoast SEO plugin. -->","yoast_head_json":{"title":"Tv-serie Bed & Breakfast: aflevering 3 - Bed and Breakfast Nieuws | Blog voor B&amp;B Eigenaren","robots":{"index":"index","follow":"follow","max-snippet":"max-snippet:-1","max-image-preview":"max-image-preview:large","max-video-preview":"max-video-preview:-1"},"canonical":"https:\/\/blog.bedandbreakfast.nl\/eigenaren\/tv-serie-bed-breakfast-aflevering-3\/","og_locale":"nl_NL","og_type":"article","og_title":"Tv-serie Bed & Breakfast: aflevering 3 - Bed and Breakfast Nieuws | Blog voor B&amp;B Eigenaren","og_description":"De derde aflevering van het populaire tv-programma &#8216;Bed &amp; Breakfast&#8217; wordt op vrijdag 11 mei uitgezonden door Omroep MAX. Drie koppels logeren steeds een nacht in elkaars B&amp;B en betalen na afloop wat zij vinden dat het verblijf waard was.\u00a0Bedandbreakfast.nl stelt de deelnemende bed en breakfasts aan je voor.\u00a0","og_url":"https:\/\/blog.bedandbreakfast.nl\/eigenaren\/tv-serie-bed-breakfast-aflevering-3\/","og_site_name":"Bed and Breakfast Nieuws | Blog voor B&amp;B Eigenaren","article_published_time":"2012-05-11T06:12:52+00:00","article_modified_time":"2017-09-08T11:26:50+00:00","og_image":[{"url":"https://blog.bedandbreakfast.nl/wp-content\/uploads\/2012\/05\/gasthuys1.jpg","type":"","width":"","height":""}],"author":"Janneke Scheepers","twitter_misc":{"Geschreven door":"Janneke Scheepers","Geschatte leestijd":"2 minuten","Written by":"Janneke Scheepers"},"schema":{"@context":"https:\/\/schema.org","@graph":[{"@type":"Article","@id":"https:\/\/blog.bedandbreakfast.nl\/eigenaren\/tv-serie-bed-breakfast-aflevering-3\/#article","isPartOf":{"@id":"https:\/\/blog.bedandbreakfast.nl\/eigenaren\/tv-serie-bed-breakfast-aflevering-3\/"},"author":{"name":"Janneke Scheepers","@id":"https:\/\/blog.bedandbreakfast.nl\/eigenaren\/#\/schema\/person\/6dfc0dcf996a362fd829625f7265f53e"},"headline":"Tv-serie Bed &#038; Breakfast: aflevering 3","datePublished":"2012-05-11T06:12:52+00:00","dateModified":"2017-09-08T11:26:50+00:00","mainEntityOfPage":{"@id":"https:\/\/blog.bedandbreakfast.nl\/eigenaren\/tv-serie-bed-breakfast-aflevering-3\/"},"wordCount":370,"commentCount":0,"image":{"@id":"https:\/\/blog.bedandbreakfast.nl\/eigenaren\/tv-serie-bed-breakfast-aflevering-3\/#primaryimage"},"thumbnailUrl":"https://blog.bedandbreakfast.nl/wp-content\/uploads\/2012\/05\/gasthuys1.jpg","keywords":["bed &amp; breakfast","bed en breakfast","media","omroep max","programma","televisie","tv"],"articleSection":["Algemeen","Televisie"],"inLanguage":"nl-NL","potentialAction":[{"@type":"CommentAction","name":"Comment","target":["https:\/\/blog.bedandbreakfast.nl\/eigenaren\/tv-serie-bed-breakfast-aflevering-3\/#respond"]}]},{"@type":"WebPage","@id":"https:\/\/blog.bedandbreakfast.nl\/eigenaren\/tv-serie-bed-breakfast-aflevering-3\/","url":"https:\/\/blog.bedandbreakfast.nl\/eigenaren\/tv-serie-bed-breakfast-aflevering-3\/","name":"Tv-serie Bed & Breakfast: aflevering 3 - Bed and Breakfast Nieuws | Blog voor B&amp;B Eigenaren","isPartOf":{"@id":"https:\/\/blog.bedandbreakfast.nl\/eigenaren\/#website"},"primaryImageOfPage":{"@id":"https:\/\/blog.bedandbreakfast.nl\/eigenaren\/tv-serie-bed-breakfast-aflevering-3\/#primaryimage"},"image":{"@id":"https:\/\/blog.bedandbreakfast.nl\/eigenaren\/tv-serie-bed-breakfast-aflevering-3\/#primaryimage"},"thumbnailUrl":"https://blog.bedandbreakfast.nl/wp-content\/uploads\/2012\/05\/gasthuys1.jpg","datePublished":"2012-05-11T06:12:52+00:00","dateModified":"2017-09-08T11:26:50+00:00","author":{"@id":"https:\/\/blog.bedandbreakfast.nl\/eigenaren\/#\/schema\/person\/6dfc0dcf996a362fd829625f7265f53e"},"inLanguage":"nl-NL","potentialAction":[{"@type":"ReadAction","target":["https:\/\/blog.bedandbreakfast.nl\/eigenaren\/tv-serie-bed-breakfast-aflevering-3\/"]}]},{"@type":"ImageObject","inLanguage":"nl-NL","@id":"https:\/\/blog.bedandbreakfast.nl\/eigenaren\/tv-serie-bed-breakfast-aflevering-3\/#primaryimage","url":"https://blog.bedandbreakfast.nl/wp-content\/uploads\/2012\/05\/gasthuys1.jpg","contentUrl":"https://blog.bedandbreakfast.nl/wp-content\/uploads\/2012\/05\/gasthuys1.jpg"},{"@type":"WebSite","@id":"https:\/\/blog.bedandbreakfast.nl\/eigenaren\/#website","url":"https:\/\/blog.bedandbreakfast.nl\/eigenaren\/","name":"Bed and Breakfast Nieuws | Blog voor B&amp;B Eigenaren","description":"","potentialAction":[{"@type":"SearchAction","target":{"@type":"EntryPoint","urlTemplate":"https:\/\/blog.bedandbreakfast.nl\/eigenaren\/?s={search_term_string}"},"query-input":{"@type":"PropertyValueSpecification","valueRequired":true,"valueName":"search_term_string"}}],"inLanguage":"nl-NL"},{"@type":"Person","@id":"https:\/\/blog.bedandbreakfast.nl\/eigenaren\/#\/schema\/person\/6dfc0dcf996a362fd829625f7265f53e","name":"Janneke Scheepers","image":{"@type":"ImageObject","inLanguage":"nl-NL","@id":"https:\/\/secure.gravatar.com\/avatar\/0a6bacb5ed0777a84a2ec3cba709a9567f86b37d14036cca6a43feafe40d1900?s=96&d=wp_user_avatar&r=g2e7753d35cc3857a519e88499dd3797f","url":"https:\/\/secure.gravatar.com\/avatar\/0a6bacb5ed0777a84a2ec3cba709a9567f86b37d14036cca6a43feafe40d1900?s=96&d=wp_user_avatar&r=g","contentUrl":"https:\/\/secure.gravatar.com\/avatar\/0a6bacb5ed0777a84a2ec3cba709a9567f86b37d14036cca6a43feafe40d1900?s=96&d=wp_user_avatar&r=g","caption":"Janneke Scheepers"},"description":"Webredacteur bij Bedandbreakfast.eu B.V. tot februari 2016.","url":"https:\/\/blog.bedandbreakfast.nl\/eigenaren\/author\/janneke\/"}]}},"jetpack_publicize_connections":[],"jetpack_featured_media_url":"","jetpack_shortlink":"https:\/\/wp.me\/p1XIgm-FQ","jetpack_sharing_enabled":true,"_links":{"self":[{"href":"https://www.bedandbreakfast.nl/blog/eigenaren/wp-json/wp\/v2\/posts\/2594","targetHints":{"allow":["GET"]}}],"collection":[{"href":"https://www.bedandbreakfast.nl/blog/eigenaren/wp-json/wp\/v2\/posts"}],"about":[{"href":"https://www.bedandbreakfast.nl/blog/eigenaren/wp-json/wp\/v2\/types\/post"}],"author":[{"embeddable":true,"href":"https://www.bedandbreakfast.nl/blog/eigenaren/wp-json/wp\/v2\/users\/2"}],"replies":[{"embeddable":true,"href":"https://www.bedandbreakfast.nl/blog/eigenaren/wp-json/wp\/v2\/comments?post=2594"}],"version-history":[{"count":1,"href":"https://www.bedandbreakfast.nl/blog/eigenaren/wp-json/wp\/v2\/posts\/2594\/revisions"}],"predecessor-version":[{"id":7484,"href":"https://www.bedandbreakfast.nl/blog/eigenaren/wp-json/wp\/v2\/posts\/2594\/revisions\/7484"}],"wp:attachment":[{"href":"https://www.bedandbreakfast.nl/blog/eigenaren/wp-json/wp\/v2\/media?parent=2594"}],"wp:term":[{"taxonomy":"category","embeddable":true,"href":"https://www.bedandbreakfast.nl/blog/eigenaren/wp-json/wp\/v2\/categories?post=2594"},{"taxonomy":"post_tag","embeddable":true,"href":"https://www.bedandbreakfast.nl/blog/eigenaren/wp-json/wp\/v2\/tags?post=2594"},{"taxonomy":"author","embeddable":true,"href":"https://www.bedandbreakfast.nl/blog/eigenaren/wp-json/wp\/v2\/coauthors?post=2594"}],"curies":[{"name":"wp","href":"https:\/\/api.w.org\/{rel}","templated":true}]}}