{"id":550,"date":"2011-03-30T08:17:39","date_gmt":"2011-03-30T06:17:39","guid":{"rendered":"http:\/\/www.bedandbreakfast.nl\/blog\/eigenaren\/?p=679"},"modified":"2015-04-22T09:32:51","modified_gmt":"2015-04-22T07:32:51","slug":"videma-interview-2-bb%e2%80%99s-liften-al-tien-jaar-gratis-mee","status":"publish","type":"post","link":"https:\/\/blog.bedandbreakfast.nl\/eigenaren\/videma-interview-2-bb%e2%80%99s-liften-al-tien-jaar-gratis-mee\/","title":{"rendered":"Videma-interview (2): \u201cB&#038;B\u2019s liften al tien jaar gratis mee\u201d"},"content":{"rendered":"<div id=\"attachment_696\" style=\"width: 309px\" class=\"wp-caption alignnone\"><a href=\"https://blog.bedandbreakfast.nl/eigenaren\/wp-content\/uploads\/2011\/03\/Tv-videma_licentie_BB.jpg\"><img loading=\"lazy\" decoding=\"async\" aria-describedby=\"caption-attachment-696\" class=\"size-full wp-image-696\" title=\"Tv-videma_licentie_B&amp;B\" src=\"https://blog.bedandbreakfast.nl/eigenaren\/wp-content\/uploads\/2011\/03\/Tv-videma_licentie_BB.jpg\" alt=\"B&amp;B tv\" width=\"299\" height=\"325\" \/><\/a><p id=\"caption-attachment-696\" class=\"wp-caption-text\">B&amp;B<\/p><\/div>\n<p>&#8216;Betalen of we klagen je aan.&#8217; Bangmakerij is het belangrijkste wapen van auteursrechtenclubs zoals Videma. Waarom deze agressieve benadering? Deel 2 van ons interview met algemeen directeur Ad Heskes en marketingmanager Robert Jan Blokland van Videma lees je hier.<!--more--><\/p>\n<p><strong>Bedandbreakfast.nl: Het lijkt erop dat allerlei stichtingen een graantje mee proberen te pikken van de mogelijkheden die de Auteurswet hiertoe biedt.<\/strong> <strong>Is de Videma-licentie niet gewoon een melkkoe?<br \/>\n<\/strong>Videma: Mensen denken soms: w\u00e9\u00e9r een heffing, w\u00e9\u00e9r een belasting. Wij proberen dat beeld te veranderen. Het zijn niet alleen Marco Borsato\u2019s die we vertegenwoordigen. Veel auteursrechthebbenden zijn kleine ondernemers die bescheiden verdienen, net als B&amp;B-eigenaren. Zij leven van de inkomsten die ze krijgen vanuit de bescherming en benutting van hun rechten en dus van organisaties als Videma. <strong>\u00a0<\/strong><\/p>\n<p><strong>Maar er kan naast jullie ook nog een andere club opstaan die zegt: nou, laat ik ook eens een afspraak maken met de rechthebbenden. Waar houdt het op?<br \/>\n<\/strong>Iemand zou bijvoorbeeld kunnen zeggen: ik ga ook die Belgische zenders vrijwaren.<strong>\u00a0<\/strong><\/p>\n<p><strong>Een gat in de markt!<br \/>\n<\/strong>In theorie kan dat, maar dat achten wij kansloos. Hoeveel clubs kunnen zich nou melden op het gebied van auteursrechten? Dat zijn er maar vier: Buma en Sena voor muziek, Videma voor beeld en Reprorecht voor kopie\u00ebn uit publicaties. Dat zijn vier organisaties en meer zouden het er niet mogen zijn. <strong>\u00a0<\/strong><\/p>\n<p><strong>Maar er zijn heel veel heffingen voor B&amp;B\u2019s. Gemiddeld is een bed &amp; breakfast 21 procent van de omzet kwijt aan heffingen. Daarvan leggen auteursrechtenorganisaties de grootste druk.<br \/>\n<\/strong>De Videma-licentie is geen heffing.<\/p>\n<p><strong>Geld is geld voor een B&amp;B-eigenaar. Of het nu de overheid is of een club als Videma die het int, het geld ben je kwijt.<\/strong><br \/>\nMaar als B&amp;B-houder h\u00f3ef je niet te betalen, want je hebt de keuze om die tv wel of niet in de gastenkamer neer te zetten. Het feit dat een ondernemer dit doet, geeft aan dat die tv blijkbaar economische meerwaarde biedt. Is het niet zo dat een B&amp;B-eigenaar een hogere prijs kan vragen voor zijn kamer, als daar een tv staat? Dan is een kleine bijdrage aan de rechthebbenden niet onredelijk.<\/p>\n<p><strong>Die keuze is pas sinds mei 2010 in beeld, toen de grote groep B&amp;B-eigenaren de eerste brief ontving van Videma. Er was voorheen nog veel onbekendheid over Videma. Dat betekent dat B&amp;B-houders eerst flink hebben ge\u00efnvesteerd in tv\u2019s op de kamers, en nu pas worden geconfronteerd met deze licentie.<br \/>\n<\/strong>Je kunt het ook anders zien: ze hebben tien jaar lang gratis meegelift. Eigenlijk hadden ze al die tijd al moeten betalen. Dat hebben ze niet hoeven doen, omdat het zolang geduurd heeft om per doelgroep netjes het product aan de man te brengen. Videma heeft de keuze gemaakt om per doelgroep te communiceren.<\/p>\n<p><strong>Jullie sturen eerst vragenlijsten en een dreigbrief\u2026 Op het moment dat je je als organisatie kunt verschuilen achter bestaande wet- en regelgeving, wordt het al gauw bangmakerij. <\/strong><br \/>\nDe Auteurswet is niet alleen bedoeld om de belangen van rechthebbenden te beschermen, maar ook om duidelijk te maken wanneer zij ergens geld voor mogen vragen en wanneer niet. Maar de basis van wat Videma doet en wat de rechthebbenden vragen, is puur een vergoeding voor een product dat zij leveren. Het is een economische transactie. Helaas zien mensen dat niet zo.<\/p>\n<p><strong>Waar is het tarief van de Videma-licentie op gebaseerd?<br \/>\n<\/strong>Het tarief is het prijskaartje dat de rechthebbenden hangen aan het gebruik van hun product. De rechter heeft gezegd: in beginsel mag de auteursrechthebbende vragen wat hij wil. We zouden per kamer dus ook 28 miljoen euro per jaar kunnen vragen. In dat geval zouden veel ondernemers de tv weghalen. In de nabije toekomst kunnen gebruikers zich wenden tot een onafhankelijke geschillencommissie. Een B&amp;B-houder kan daar straks naartoe stappen als hij het niet eens is met het tarief van Videma.<\/p>\n<p><strong>De geschillencommissie is onderdeel van een<\/strong> <strong>wetsvoorstel waarin toezicht op auteursrechtenorganisaties, waaronder ook Videma, wordt geregeld. Wat is de stand van zaken?<\/strong><br \/>\nHet conceptvoorstel moet nog plenair besproken worden in de Tweede Kamer en dat is al drie keer uitgesteld. De wet komt er, maar het is de vraag hoe zwaar die ge\u00efmplementeerd wordt. Misschien zegt de politiek straks: er is al heel stuk zelfregulering; we halen een paar artikelen uit het wetsvoorstel of maken het minder zwaar.<strong>\u00a0<\/strong><\/p>\n<p><strong>Toch vindt ook de overheid dat toezicht nodig is.<br \/>\n<\/strong>Ja en nee. Aanleiding voor het conceptvoorstel waren onder meer klachten van MKB Nederland en VNO-NCW. Zij hebben veel kabaal gemaakt in de politiek en de pers over auteursrechtenzaken. Want als collectief beheerder ben je natuurlijk monopolist en kun je de prijs bepalen.\u00a0Maar onze prijsstelling is een paar keer aan de orde geweest en daar is niets geks aan. Inmiddels heeft de politiek meer inzicht gekregen in de materie en gezien dat het wel meevalt met de klachten van MKB Nederland en VNO-NCW. Het is niet zo erg als zij hebben voorgesteld. Bovendien zijn wij meteen gestart met zelfregulering. Zo hebben we een keurmerk ge\u00efntroduceerd dat in de tweede helft van het jaar ge\u00efmplementeerd wordt, en geven we op onze website meer openheid van zaken.<\/p>\n<p><strong>De regering wil juist minder regeldruk.<br \/>\n<\/strong>Het is een rare situatie: de overheid laat nu het publieksrecht los op een private situatie. Onze rechthebbenden zeggen: \u2018wij laten alleen onze rechten exploiteren, dat is een contract met Videma en vervolgens met de gebruiker. Daar heeft de overheid in beginsel niets mee te maken\u2019. De overheid zegt: \u2018daar zijn we het niet helemaal mee eens, want zit een stuk collectiviteit en daarmee stukje monopolisme in. Dus daar mag meer controle op zijn\u2019. Vandaar ook die geschillencommissie.<strong>\u00a0<\/strong><\/p>\n<p><strong>Is Videma ooit gemeld bij de Mededingingsautoriteit? <\/strong><br \/>\nToen wij van start gingen, hebben we zelf een check gedaan omdat we een collectief gingen vertegenwoordigen. We hebben toen groen licht gekregen. De Mededingingsautoriteit gaat zich pas met Videma bemoeien als ze klachten over ons krijgen. Dat is tot nu toe niet gebeurd.<\/p>\n<p><strong>Onze abonnees hebben vragen over de betrouwbaarheid van Videma. Zo zijn jullie niet aangewezen door de overheid.<br \/>\n<\/strong>Buma is feitelijk ook niet aangewezen, Sena wel. Stemra is gelinkt aan Buma, maar valt tot op heden niet onder toezicht. Dat gaat wel gebeuren, net zoals Videma onder toezicht gaat vallen. Maar het ontbreken van vertrouwen heeft vooral te maken met onze naamsbekendheid. Iedereen weet: ik moet voor muziek betalen. Als wij dan zeggen: maar je moet ook voor beeld betalen, is daar in eerste instantie minder begrip voor.<\/p>\n<p><strong>Hoeveel B&amp;B-eigenaren hebben gereageerd op jullie eerste brief?<br \/>\n<\/strong>We hebben circa 2.500 B&amp;B\u2019s aangeschreven. Daar kwamen ongeveer 1.200 reacties op van B&amp;B-houders, van wie de meesten tv hebben.<strong>\u00a0<\/strong><\/p>\n<p><strong>Dus veel B&amp;B\u2019s houden zich gedeisd&#8230;<br \/>\n<\/strong>We zijn het wel gewend dat mensen de kat uit de boom kijken. Sommige mensen willen ook oprecht checken of het niet om een spookfactuur gaat of om een illegaal clubje dat geld probeert te stelen.<strong>\u00a0<\/strong><\/p>\n<p><strong>Je hebt wel een imagoprobleem, als je na tien jaar nog steeds als oplichter wordt gezien!<br \/>\n<\/strong>Een aantal spookclubjes veroorzaakt dat ondernemers terecht heel kritisch kijken: wat heb ik nu voor me? Dat imagoprobleem is er altijd wel geweest en is door de jaren heen misschien wel erger geworden. Dat heeft ook te maken met de opstelling van VNO en MKB. Zij mobiliseerden de politiek en riepen dingen in de pers. Vroeger kon je nog wel eens op voorhand gaan praten met een brancheorganisatie maar de laatste jaren gaat dat moeilijker. Daardoor zijn wij gedwongen om op een misschien wat onsympathieke wijze de markt in te gaan.<\/p>\n<p><strong>Het is een agressieve benadering om B&amp;B-houders al in jullie tweede brief te dreigen met 45.000 boete en gevangenisstraf.<br \/>\n<\/strong>Dat staat in de folder van Brein die wij mee hebben meegestuurd met onze tweede brief. Brein gaat over illegaal kopi\u00ebren en downloaden, het is in feite de auteursrechtenpolitie. Brein zegt: als je inbreuk maakt op auteursrechten, loop je bepaalde risico\u2019s, en die zijn geschetst in die folder. Als iemand weigert een licentie te nemen, dan kunnen wij zelf optreden of Brein daarbij inschakelen.<\/p>\n<p><strong>Dat is toch pure bangmakerij?<br \/>\n<\/strong>Wij moeten uiteindelijk heel ver gaan om mensen te overtuigen die weigeren een licentie te nemen. Een uitgever kan zeggen: we leveren geen krant meer. Dat voelt een klant meteen. Dat kunnen wij niet. Mensen hebben een tv en een kabel, dus het beeld is er al. Wij willen bereiken dat mensen begrip hebben voor de licentie en deze uit zichzelf aanvragen. Maar doen ze dat niet, dan moet je uiteindelijk toch doorbijten en naar de rechter stappen.<\/p>\n<p><strong>Want alleen dan wordt duidelijk waar je echt staat?<\/strong><br \/>\nJa, en dat is jammer, want dan word je toch afgeschilderd als de boeman.<\/p>\n<p><strong>Hoeveel rechtszaken zijn er nu geweest?<br \/>\n<\/strong>Recentelijk hadden we onze tweede hotelzaak, met een hoteleigenaar uit Egmond aan Zee. Daarvoor hadden we een zaak tegen Mitex (een brancheorganisatie voor de mode- en sportdetailhandel) en in 2006 waren er zaken tegen twee kroegen. Het hotel moest met terugwerkende kracht schadevergoeding betalen. In het geval van de caf\u00e9s werd door de rechters een verbod toegewezen.\u00a0Videma staat in haar recht, zo is steeds gebleken.<\/p>\n<p><strong>Als je de uitkomsten van die zaken samenvat, waar sta je dan?<br \/>\n<\/strong>10-0 gewonnen. We krijgen altijd gelijk.<\/p>\n<p><strong>NB:<br \/>\n<\/strong><em>Koninklijke Horeca Nederland (KHN) heeft met Videma een prijsafspraak gemaakt namens de gehele hotelbranche. Hotels betalen per licentie tien euro minder. Bed &amp; Breakfast Nederland heeft geprobeerd om ook voor B&amp;B-eigenaren zo\u2019n prijsafspraak te maken. Videma eist echter dat wij in ruil daarvoor de adresgegevens van al onze abonnees verstrekken, en\/of de incasso-administratie van Videma overnemen. Hieraan willen en kunnen wij geen gehoor geven.<\/em><\/p>\n<p><em>Wij vinden dat Videma onredelijke voorwaarden stelt. De huidige situatie waarin een hotel tien euro minder betaalt voor een licentie dan een bed &amp; breakfast, is scheef. Bed &amp; Breakfast Nederland zal hierover dan ook een klacht indienen bij de nog in te stellen Geschillencommissie Auteursrecht. Die gaat naar verwachting begin volgend jaar van start. B&amp;B-eigenaren kunnen hier straks terecht als ze het niet eens zijn met de tarieven van Videma of een andere auteursrechtenorganisatie.<\/em><br \/>\n<em><br \/>\n<\/em><strong>Lees ook deel 1 van dit interview\u00a0<\/strong><br \/>\nIn het\u00a0<a title=\"Interview Videma, deel 1\" href=\"http:\/\/www.bedandbreakfast.nl\/blog\/eigenaren\/2011\/03\/30\/videma-interview-1-of-een-bb-gast-tv-kijkt-doet-er-niet-toe\/\" target=\"_self\">eerste deel van dit interview<\/a>\u00a0zoeken we de grenzen op van Videma-licentie: wanneer wel betalen en wanneer niet?<\/p>\n<p><em><strong>Update 03-11-11:<\/strong> Op verzoek van Buma\/Stemra is een opmerking van Videma over de werkwijze van deze organisatie uit het artikel verwijderd. <\/em><\/p>\n","protected":false},"excerpt":{"rendered":"<p>&#8216;Betalen of we klagen je aan.&#8217; Bangmakerij is het belangrijkste wapen van auteursrechtenclubs zoals Videma. Waarom deze agressieve benadering? Deel 2 van ons interview met algemeen directeur Ad Heskes en marketingmanager Robert Jan Blokland van Videma lees je hier.<\/p>\n","protected":false},"author":2,"featured_media":565,"comment_status":"open","ping_status":"open","sticky":false,"template":"","format":"standard","meta":{"_monsterinsights_skip_tracking":false,"_monsterinsights_sitenote_active":false,"_monsterinsights_sitenote_note":"","_monsterinsights_sitenote_category":0,"jetpack_post_was_ever_published":false,"_jetpack_newsletter_access":"","_jetpack_dont_email_post_to_subs":false,"_jetpack_newsletter_tier_id":0,"_jetpack_memberships_contains_paywalled_content":false,"_jetpack_memberships_contains_paid_content":false,"footnotes":"","jetpack_publicize_message":"","jetpack_publicize_feature_enabled":true,"jetpack_social_post_already_shared":false,"jetpack_social_options":{"image_generator_settings":{"template":"highway","default_image_id":0,"font":"","enabled":false},"version":2}},"categories":[103],"tags":[7,53,8,105,57,54,106,58],"coauthors":[479],"class_list":["post-550","post","type-post","status-publish","format-standard","has-post-thumbnail","hentry","category-bumastemra-sena","tag-bb","tag-bb-branche","tag-bed-and-breakfast","tag-bumastemra-2","tag-licentie","tag-opinie-2","tag-sena","tag-tv"],"yoast_head":"<!-- This site is optimized with the Yoast SEO plugin v27.5 - https:\/\/yoast.com\/product\/yoast-seo-wordpress\/ -->\n<title>Videma-interview (2): \u201cB&amp;B\u2019s liften al tien jaar gratis mee\u201d - Bed and Breakfast Nieuws | Blog voor B&amp;B Eigenaren<\/title>\n<meta name=\"robots\" content=\"index, follow, max-snippet:-1, max-image-preview:large, max-video-preview:-1\" \/>\n<link rel=\"canonical\" href=\"https:\/\/blog.bedandbreakfast.nl\/eigenaren\/videma-interview-2-bb\u2019s-liften-al-tien-jaar-gratis-mee\/\" \/>\n<meta property=\"og:locale\" content=\"nl_NL\" \/>\n<meta property=\"og:type\" content=\"article\" \/>\n<meta property=\"og:title\" content=\"Videma-interview (2): \u201cB&amp;B\u2019s liften al tien jaar gratis mee\u201d - Bed and Breakfast Nieuws | Blog voor B&amp;B Eigenaren\" \/>\n<meta property=\"og:description\" content=\"&#8216;Betalen of we klagen je aan.&#8217; Bangmakerij is het belangrijkste wapen van auteursrechtenclubs zoals Videma. Waarom deze agressieve benadering? Deel 2 van ons interview met algemeen directeur Ad Heskes en marketingmanager Robert Jan Blokland van Videma lees je hier.\" \/>\n<meta property=\"og:url\" content=\"https:\/\/blog.bedandbreakfast.nl\/eigenaren\/videma-interview-2-bb\u2019s-liften-al-tien-jaar-gratis-mee\/\" \/>\n<meta property=\"og:site_name\" content=\"Bed and Breakfast Nieuws | Blog voor B&amp;B Eigenaren\" \/>\n<meta property=\"article:published_time\" content=\"2011-03-30T06:17:39+00:00\" \/>\n<meta property=\"article:modified_time\" content=\"2015-04-22T07:32:51+00:00\" \/>\n<meta property=\"og:image\" content=\"https:\/\/blog.bedandbreakfast.nl\/eigenaren\/wp-content\/uploads\/2011\/03\/Tv-videma_licentie_BB.jpg\" \/>\n\t<meta property=\"og:image:width\" content=\"299\" \/>\n\t<meta property=\"og:image:height\" content=\"325\" \/>\n\t<meta property=\"og:image:type\" content=\"image\/jpeg\" \/>\n<meta name=\"author\" content=\"Janneke Scheepers\" \/>\n<meta name=\"twitter:label1\" content=\"Geschreven door\" \/>\n\t<meta name=\"twitter:data1\" content=\"Janneke Scheepers\" \/>\n\t<meta name=\"twitter:label2\" content=\"Geschatte leestijd\" \/>\n\t<meta name=\"twitter:data2\" content=\"9 minuten\" \/>\n\t<meta name=\"twitter:label3\" content=\"Written by\" \/>\n\t<meta name=\"twitter:data3\" content=\"Janneke Scheepers\" \/>\n<script type=\"application\/ld+json\" class=\"yoast-schema-graph\">{\"@context\":\"https:\\\/\\\/schema.org\",\"@graph\":[{\"@type\":\"Article\",\"@id\":\"https:\\\/\\\/blog.bedandbreakfast.nl\\\/eigenaren\\\/videma-interview-2-bb%e2%80%99s-liften-al-tien-jaar-gratis-mee\\\/#article\",\"isPartOf\":{\"@id\":\"https:\\\/\\\/blog.bedandbreakfast.nl\\\/eigenaren\\\/videma-interview-2-bb%e2%80%99s-liften-al-tien-jaar-gratis-mee\\\/\"},\"author\":{\"name\":\"Janneke Scheepers\",\"@id\":\"https:\\\/\\\/blog.bedandbreakfast.nl\\\/eigenaren\\\/#\\\/schema\\\/person\\\/6dfc0dcf996a362fd829625f7265f53e\"},\"headline\":\"Videma-interview (2): \u201cB&#038;B\u2019s liften al tien jaar gratis mee\u201d\",\"datePublished\":\"2011-03-30T06:17:39+00:00\",\"dateModified\":\"2015-04-22T07:32:51+00:00\",\"mainEntityOfPage\":{\"@id\":\"https:\\\/\\\/blog.bedandbreakfast.nl\\\/eigenaren\\\/videma-interview-2-bb%e2%80%99s-liften-al-tien-jaar-gratis-mee\\\/\"},\"wordCount\":1772,\"commentCount\":8,\"image\":{\"@id\":\"https:\\\/\\\/blog.bedandbreakfast.nl\\\/eigenaren\\\/videma-interview-2-bb%e2%80%99s-liften-al-tien-jaar-gratis-mee\\\/#primaryimage\"},\"thumbnailUrl\":\"https:\\\/\\\/blog.bedandbreakfast.nl\\\/eigenaren\\\/wp-content\\\/uploads\\\/2011\\\/03\\\/Tv-videma_licentie_BB.jpg\",\"keywords\":[\"B&amp;B\",\"B&amp;B-branche\",\"bed and breakfast\",\"buma\\\/stemra\",\"licentie\",\"opinie\",\"sena\",\"tv\"],\"articleSection\":[\"Buma\\\/Stemra en Videma\"],\"inLanguage\":\"nl-NL\",\"potentialAction\":[{\"@type\":\"CommentAction\",\"name\":\"Comment\",\"target\":[\"https:\\\/\\\/blog.bedandbreakfast.nl\\\/eigenaren\\\/videma-interview-2-bb%e2%80%99s-liften-al-tien-jaar-gratis-mee\\\/#respond\"]}]},{\"@type\":\"WebPage\",\"@id\":\"https:\\\/\\\/blog.bedandbreakfast.nl\\\/eigenaren\\\/videma-interview-2-bb%e2%80%99s-liften-al-tien-jaar-gratis-mee\\\/\",\"url\":\"https:\\\/\\\/blog.bedandbreakfast.nl\\\/eigenaren\\\/videma-interview-2-bb%e2%80%99s-liften-al-tien-jaar-gratis-mee\\\/\",\"name\":\"Videma-interview (2): \u201cB&B\u2019s liften al tien jaar gratis mee\u201d - Bed and Breakfast Nieuws | Blog voor B&amp;B Eigenaren\",\"isPartOf\":{\"@id\":\"https:\\\/\\\/blog.bedandbreakfast.nl\\\/eigenaren\\\/#website\"},\"primaryImageOfPage\":{\"@id\":\"https:\\\/\\\/blog.bedandbreakfast.nl\\\/eigenaren\\\/videma-interview-2-bb%e2%80%99s-liften-al-tien-jaar-gratis-mee\\\/#primaryimage\"},\"image\":{\"@id\":\"https:\\\/\\\/blog.bedandbreakfast.nl\\\/eigenaren\\\/videma-interview-2-bb%e2%80%99s-liften-al-tien-jaar-gratis-mee\\\/#primaryimage\"},\"thumbnailUrl\":\"https:\\\/\\\/blog.bedandbreakfast.nl\\\/eigenaren\\\/wp-content\\\/uploads\\\/2011\\\/03\\\/Tv-videma_licentie_BB.jpg\",\"datePublished\":\"2011-03-30T06:17:39+00:00\",\"dateModified\":\"2015-04-22T07:32:51+00:00\",\"author\":{\"@id\":\"https:\\\/\\\/blog.bedandbreakfast.nl\\\/eigenaren\\\/#\\\/schema\\\/person\\\/6dfc0dcf996a362fd829625f7265f53e\"},\"inLanguage\":\"nl-NL\",\"potentialAction\":[{\"@type\":\"ReadAction\",\"target\":[\"https:\\\/\\\/blog.bedandbreakfast.nl\\\/eigenaren\\\/videma-interview-2-bb%e2%80%99s-liften-al-tien-jaar-gratis-mee\\\/\"]}]},{\"@type\":\"ImageObject\",\"inLanguage\":\"nl-NL\",\"@id\":\"https:\\\/\\\/blog.bedandbreakfast.nl\\\/eigenaren\\\/videma-interview-2-bb%e2%80%99s-liften-al-tien-jaar-gratis-mee\\\/#primaryimage\",\"url\":\"https:\\\/\\\/blog.bedandbreakfast.nl\\\/eigenaren\\\/wp-content\\\/uploads\\\/2011\\\/03\\\/Tv-videma_licentie_BB.jpg\",\"contentUrl\":\"https:\\\/\\\/blog.bedandbreakfast.nl\\\/eigenaren\\\/wp-content\\\/uploads\\\/2011\\\/03\\\/Tv-videma_licentie_BB.jpg\",\"width\":\"299\",\"height\":\"325\",\"caption\":\"B&B's met televisie liften al tien jaar gratis mee zonder licentie, volgens Videma.\"},{\"@type\":\"WebSite\",\"@id\":\"https:\\\/\\\/blog.bedandbreakfast.nl\\\/eigenaren\\\/#website\",\"url\":\"https:\\\/\\\/blog.bedandbreakfast.nl\\\/eigenaren\\\/\",\"name\":\"Bed and Breakfast Nieuws | Blog voor B&amp;B Eigenaren\",\"description\":\"\",\"potentialAction\":[{\"@type\":\"SearchAction\",\"target\":{\"@type\":\"EntryPoint\",\"urlTemplate\":\"https:\\\/\\\/blog.bedandbreakfast.nl\\\/eigenaren\\\/?s={search_term_string}\"},\"query-input\":{\"@type\":\"PropertyValueSpecification\",\"valueRequired\":true,\"valueName\":\"search_term_string\"}}],\"inLanguage\":\"nl-NL\"},{\"@type\":\"Person\",\"@id\":\"https:\\\/\\\/blog.bedandbreakfast.nl\\\/eigenaren\\\/#\\\/schema\\\/person\\\/6dfc0dcf996a362fd829625f7265f53e\",\"name\":\"Janneke Scheepers\",\"image\":{\"@type\":\"ImageObject\",\"inLanguage\":\"nl-NL\",\"@id\":\"https:\\\/\\\/secure.gravatar.com\\\/avatar\\\/0a6bacb5ed0777a84a2ec3cba709a9567f86b37d14036cca6a43feafe40d1900?s=96&d=wp_user_avatar&r=g2e7753d35cc3857a519e88499dd3797f\",\"url\":\"https:\\\/\\\/secure.gravatar.com\\\/avatar\\\/0a6bacb5ed0777a84a2ec3cba709a9567f86b37d14036cca6a43feafe40d1900?s=96&d=wp_user_avatar&r=g\",\"contentUrl\":\"https:\\\/\\\/secure.gravatar.com\\\/avatar\\\/0a6bacb5ed0777a84a2ec3cba709a9567f86b37d14036cca6a43feafe40d1900?s=96&d=wp_user_avatar&r=g\",\"caption\":\"Janneke Scheepers\"},\"description\":\"Webredacteur bij Bedandbreakfast.eu B.V. tot februari 2016.\",\"url\":\"https:\\\/\\\/blog.bedandbreakfast.nl\\\/eigenaren\\\/author\\\/janneke\\\/\"}]}<\/script>\n<!-- \/ Yoast SEO plugin. -->","yoast_head_json":{"title":"Videma-interview (2): \u201cB&B\u2019s liften al tien jaar gratis mee\u201d - Bed and Breakfast Nieuws | Blog voor B&amp;B Eigenaren","robots":{"index":"index","follow":"follow","max-snippet":"max-snippet:-1","max-image-preview":"max-image-preview:large","max-video-preview":"max-video-preview:-1"},"canonical":"https:\/\/blog.bedandbreakfast.nl\/eigenaren\/videma-interview-2-bb\u2019s-liften-al-tien-jaar-gratis-mee\/","og_locale":"nl_NL","og_type":"article","og_title":"Videma-interview (2): \u201cB&B\u2019s liften al tien jaar gratis mee\u201d - Bed and Breakfast Nieuws | Blog voor B&amp;B Eigenaren","og_description":"&#8216;Betalen of we klagen je aan.&#8217; Bangmakerij is het belangrijkste wapen van auteursrechtenclubs zoals Videma. Waarom deze agressieve benadering? Deel 2 van ons interview met algemeen directeur Ad Heskes en marketingmanager Robert Jan Blokland van Videma lees je hier.","og_url":"https:\/\/blog.bedandbreakfast.nl\/eigenaren\/videma-interview-2-bb\u2019s-liften-al-tien-jaar-gratis-mee\/","og_site_name":"Bed and Breakfast Nieuws | Blog voor B&amp;B Eigenaren","article_published_time":"2011-03-30T06:17:39+00:00","article_modified_time":"2015-04-22T07:32:51+00:00","og_image":[{"width":299,"height":325,"url":"https:\/\/blog.bedandbreakfast.nl\/eigenaren\/wp-content\/uploads\/2011\/03\/Tv-videma_licentie_BB.jpg","type":"image\/jpeg"}],"author":"Janneke Scheepers","twitter_misc":{"Geschreven door":"Janneke Scheepers","Geschatte leestijd":"9 minuten","Written by":"Janneke Scheepers"},"schema":{"@context":"https:\/\/schema.org","@graph":[{"@type":"Article","@id":"https:\/\/blog.bedandbreakfast.nl\/eigenaren\/videma-interview-2-bb%e2%80%99s-liften-al-tien-jaar-gratis-mee\/#article","isPartOf":{"@id":"https:\/\/blog.bedandbreakfast.nl\/eigenaren\/videma-interview-2-bb%e2%80%99s-liften-al-tien-jaar-gratis-mee\/"},"author":{"name":"Janneke Scheepers","@id":"https:\/\/blog.bedandbreakfast.nl\/eigenaren\/#\/schema\/person\/6dfc0dcf996a362fd829625f7265f53e"},"headline":"Videma-interview (2): \u201cB&#038;B\u2019s liften al tien jaar gratis mee\u201d","datePublished":"2011-03-30T06:17:39+00:00","dateModified":"2015-04-22T07:32:51+00:00","mainEntityOfPage":{"@id":"https:\/\/blog.bedandbreakfast.nl\/eigenaren\/videma-interview-2-bb%e2%80%99s-liften-al-tien-jaar-gratis-mee\/"},"wordCount":1772,"commentCount":8,"image":{"@id":"https:\/\/blog.bedandbreakfast.nl\/eigenaren\/videma-interview-2-bb%e2%80%99s-liften-al-tien-jaar-gratis-mee\/#primaryimage"},"thumbnailUrl":"https:\/\/blog.bedandbreakfast.nl\/eigenaren\/wp-content\/uploads\/2011\/03\/Tv-videma_licentie_BB.jpg","keywords":["B&amp;B","B&amp;B-branche","bed and breakfast","buma\/stemra","licentie","opinie","sena","tv"],"articleSection":["Buma\/Stemra en Videma"],"inLanguage":"nl-NL","potentialAction":[{"@type":"CommentAction","name":"Comment","target":["https:\/\/blog.bedandbreakfast.nl\/eigenaren\/videma-interview-2-bb%e2%80%99s-liften-al-tien-jaar-gratis-mee\/#respond"]}]},{"@type":"WebPage","@id":"https:\/\/blog.bedandbreakfast.nl\/eigenaren\/videma-interview-2-bb%e2%80%99s-liften-al-tien-jaar-gratis-mee\/","url":"https:\/\/blog.bedandbreakfast.nl\/eigenaren\/videma-interview-2-bb%e2%80%99s-liften-al-tien-jaar-gratis-mee\/","name":"Videma-interview (2): \u201cB&B\u2019s liften al tien jaar gratis mee\u201d - Bed and Breakfast Nieuws | Blog voor B&amp;B Eigenaren","isPartOf":{"@id":"https:\/\/blog.bedandbreakfast.nl\/eigenaren\/#website"},"primaryImageOfPage":{"@id":"https:\/\/blog.bedandbreakfast.nl\/eigenaren\/videma-interview-2-bb%e2%80%99s-liften-al-tien-jaar-gratis-mee\/#primaryimage"},"image":{"@id":"https:\/\/blog.bedandbreakfast.nl\/eigenaren\/videma-interview-2-bb%e2%80%99s-liften-al-tien-jaar-gratis-mee\/#primaryimage"},"thumbnailUrl":"https:\/\/blog.bedandbreakfast.nl\/eigenaren\/wp-content\/uploads\/2011\/03\/Tv-videma_licentie_BB.jpg","datePublished":"2011-03-30T06:17:39+00:00","dateModified":"2015-04-22T07:32:51+00:00","author":{"@id":"https:\/\/blog.bedandbreakfast.nl\/eigenaren\/#\/schema\/person\/6dfc0dcf996a362fd829625f7265f53e"},"inLanguage":"nl-NL","potentialAction":[{"@type":"ReadAction","target":["https:\/\/blog.bedandbreakfast.nl\/eigenaren\/videma-interview-2-bb%e2%80%99s-liften-al-tien-jaar-gratis-mee\/"]}]},{"@type":"ImageObject","inLanguage":"nl-NL","@id":"https:\/\/blog.bedandbreakfast.nl\/eigenaren\/videma-interview-2-bb%e2%80%99s-liften-al-tien-jaar-gratis-mee\/#primaryimage","url":"https:\/\/blog.bedandbreakfast.nl\/eigenaren\/wp-content\/uploads\/2011\/03\/Tv-videma_licentie_BB.jpg","contentUrl":"https:\/\/blog.bedandbreakfast.nl\/eigenaren\/wp-content\/uploads\/2011\/03\/Tv-videma_licentie_BB.jpg","width":"299","height":"325","caption":"B&B's met televisie liften al tien jaar gratis mee zonder licentie, volgens Videma."},{"@type":"WebSite","@id":"https:\/\/blog.bedandbreakfast.nl\/eigenaren\/#website","url":"https:\/\/blog.bedandbreakfast.nl\/eigenaren\/","name":"Bed and Breakfast Nieuws | Blog voor B&amp;B Eigenaren","description":"","potentialAction":[{"@type":"SearchAction","target":{"@type":"EntryPoint","urlTemplate":"https:\/\/blog.bedandbreakfast.nl\/eigenaren\/?s={search_term_string}"},"query-input":{"@type":"PropertyValueSpecification","valueRequired":true,"valueName":"search_term_string"}}],"inLanguage":"nl-NL"},{"@type":"Person","@id":"https:\/\/blog.bedandbreakfast.nl\/eigenaren\/#\/schema\/person\/6dfc0dcf996a362fd829625f7265f53e","name":"Janneke Scheepers","image":{"@type":"ImageObject","inLanguage":"nl-NL","@id":"https:\/\/secure.gravatar.com\/avatar\/0a6bacb5ed0777a84a2ec3cba709a9567f86b37d14036cca6a43feafe40d1900?s=96&d=wp_user_avatar&r=g2e7753d35cc3857a519e88499dd3797f","url":"https:\/\/secure.gravatar.com\/avatar\/0a6bacb5ed0777a84a2ec3cba709a9567f86b37d14036cca6a43feafe40d1900?s=96&d=wp_user_avatar&r=g","contentUrl":"https:\/\/secure.gravatar.com\/avatar\/0a6bacb5ed0777a84a2ec3cba709a9567f86b37d14036cca6a43feafe40d1900?s=96&d=wp_user_avatar&r=g","caption":"Janneke Scheepers"},"description":"Webredacteur bij Bedandbreakfast.eu B.V. tot februari 2016.","url":"https:\/\/blog.bedandbreakfast.nl\/eigenaren\/author\/janneke\/"}]}},"jetpack_publicize_connections":[],"jetpack_featured_media_url":"https:\/\/blog.bedandbreakfast.nl\/eigenaren\/wp-content\/uploads\/2011\/03\/Tv-videma_licentie_BB.jpg","jetpack_shortlink":"https:\/\/wp.me\/p1XIgm-8S","jetpack_sharing_enabled":true,"_links":{"self":[{"href":"https://www.bedandbreakfast.nl/blog/eigenaren/wp-json/wp\/v2\/posts\/550","targetHints":{"allow":["GET"]}}],"collection":[{"href":"https://www.bedandbreakfast.nl/blog/eigenaren/wp-json/wp\/v2\/posts"}],"about":[{"href":"https://www.bedandbreakfast.nl/blog/eigenaren/wp-json/wp\/v2\/types\/post"}],"author":[{"embeddable":true,"href":"https://www.bedandbreakfast.nl/blog/eigenaren/wp-json/wp\/v2\/users\/2"}],"replies":[{"embeddable":true,"href":"https://www.bedandbreakfast.nl/blog/eigenaren/wp-json/wp\/v2\/comments?post=550"}],"version-history":[{"count":2,"href":"https://www.bedandbreakfast.nl/blog/eigenaren/wp-json/wp\/v2\/posts\/550\/revisions"}],"predecessor-version":[{"id":11171,"href":"https://www.bedandbreakfast.nl/blog/eigenaren/wp-json/wp\/v2\/posts\/550\/revisions\/11171"}],"wp:featuredmedia":[{"embeddable":true,"href":"https://www.bedandbreakfast.nl/blog/eigenaren/wp-json/wp\/v2\/media\/565"}],"wp:attachment":[{"href":"https://www.bedandbreakfast.nl/blog/eigenaren/wp-json/wp\/v2\/media?parent=550"}],"wp:term":[{"taxonomy":"category","embeddable":true,"href":"https://www.bedandbreakfast.nl/blog/eigenaren/wp-json/wp\/v2\/categories?post=550"},{"taxonomy":"post_tag","embeddable":true,"href":"https://www.bedandbreakfast.nl/blog/eigenaren/wp-json/wp\/v2\/tags?post=550"},{"taxonomy":"author","embeddable":true,"href":"https://www.bedandbreakfast.nl/blog/eigenaren/wp-json/wp\/v2\/coauthors?post=550"}],"curies":[{"name":"wp","href":"https:\/\/api.w.org\/{rel}","templated":true}]}}