{"id":6139,"date":"2013-04-10T10:11:00","date_gmt":"2013-04-10T08:11:00","guid":{"rendered":"http:\/\/www.bedandbreakfast.nl\/blog\/eigenaren\/?p=6829"},"modified":"2017-09-08T13:04:49","modified_gmt":"2017-09-08T11:04:49","slug":"vooruitblik-tv-serie-bed-breakfast-aflevering-7","status":"publish","type":"post","link":"https:\/\/blog.bedandbreakfast.nl\/eigenaren\/vooruitblik-tv-serie-bed-breakfast-aflevering-7\/","title":{"rendered":"Vooruitblik tv-serie Bed &amp; Breakfast aflevering 7"},"content":{"rendered":"<div id=\"attachment_6407\" style=\"width: 560px\" class=\"wp-caption alignnone\"><a href=\"http:\/\/www.bedandbreakfast.nl\/bed-and-breakfast-nl\/\"><img loading=\"lazy\" decoding=\"async\" aria-describedby=\"caption-attachment-6407\" class=\"size-full wp-image-6407\" title=\"Deelnemers van aflevering 7 van Bed &amp; Breakfast\" alt=\"tv gids\" src=\"https://blog.bedandbreakfast.nl/wp-content\/uploads\/2013\/04\/Groepsfotoa7-blog.jpg\" width=\"550\" height=\"413\" \/><\/a><p id=\"caption-attachment-6407\" class=\"wp-caption-text\">De deelnemers van aflevering 7 van Bed &amp; Breakfast. Foto: Omroep MAX<\/p><\/div>\n<p>We kijken iedere week weer reikhalzend naar \u2018Bed &amp; Breakfast\u2019 uit! De zevende aflevering van de populaire tv-serie wordt vrijdag 12 april uitgezonden op Omroep MAX. Welke B&amp;B\u2019s doen er deze keer mee? <a title=\"Bedandbreakfast.nl\" href=\"http:\/\/www.bedandbreakfast.nl\/bed-and-breakfast-nl\/\">Bedandbreakfast.nl<\/a> zocht het vast voor je uit!<!--more--><\/p>\n<div id=\"attachment_6412\" style=\"width: 560px\" class=\"wp-caption alignnone\"><a href=\"http:\/\/www.bedandbreakfast.nl\/bed-and-breakfast-nl\/baarlo\/de-strandhoeve\/6259\"><img loading=\"lazy\" decoding=\"async\" aria-describedby=\"caption-attachment-6412\" class=\"size-full wp-image-6412\" title=\"De Strandhoeve\" alt=\"Nationaal Park Weerribben Wieden\" src=\"https://blog.bedandbreakfast.nl/wp-content\/uploads\/2013\/04\/De-Strandhoeve.jpg\" width=\"550\" height=\"413\" \/><\/a><p id=\"caption-attachment-6412\" class=\"wp-caption-text\">B&amp;B De Strandhoeve ligt op het voormalige Zuiderzeestrand.<\/p><\/div>\n<p><strong>Bed en Breakfast De Strandhoeve<\/strong><br \/>\nJan en Annet Sweere runnen hun <a title=\"B&amp;B De Strandhoeve\" href=\"http:\/\/www.bedandbreakfast.nl\/bed-and-breakfast-nl\/baarlo\/de-strandhoeve\/6259\">B&amp;B De Strandhoeve<\/a> in het Overijsselse Baarlo. Het lijkt een opmerkelijke naam voor een bed en breakfast op het vaste land, ware het niet dat hun prachtig verbouwde boerderij op het voormalige Zuiderzeestrand ligt. Jan en Annet garanderen kwaliteit, rust en gastvrijheid. Met maar liefst zeven themakamers zit er altijd wel \u00e9\u00e9n bij waarin je jezelf thuis voelt. Ga wandelen, fietsen of kano\u00ebn in het Nationaal Park Weerribben-Wieden, er is hier voor iedereen wat te beleven.<\/p>\n<div id=\"attachment_6410\" style=\"width: 310px\" class=\"wp-caption alignright\"><a href=\"http:\/\/www.bedandbreakfast.nl\/bed-and-breakfast-nl\/weert\/logeren-tussen-kunst-en-kitsch\/4553\"><img loading=\"lazy\" decoding=\"async\" aria-describedby=\"caption-attachment-6410\" class=\"size-medium wp-image-6410\" title=\"B&amp;B Logeren tussen kunst en kitsch\" alt=\"Theepottenmuseum\" src=\"https://blog.bedandbreakfast.nl/wp-content\/uploads\/2013\/04\/Logeren-tussen-kunst-en-kitsch-300x198.jpg\" width=\"300\" height=\"198\" \/><\/a><p id=\"caption-attachment-6410\" class=\"wp-caption-text\">Kijk je ogen uit bij B&amp;B Logeren tussen kunst en kitsch.<\/p><\/div>\n<p><strong>Bed and breakfast Logeren tussen kunst en kitsch<\/strong><br \/>\nFans en ge\u00efnteresseerden van het gelijknamige tv-programma kunnen in <a title=\"B&amp;B Logeren tussen kunst en kitsch\" href=\"http:\/\/www.bedandbreakfast.nl\/bed-and-breakfast-nl\/weert\/logeren-tussen-kunst-en-kitsch\/4553\">B&amp;B Logeren tussen kunst en kitsch<\/a> terecht voor een bijzondere overnachting. Sinds januari 2007 zijn Frits en Saskia Lavell hun B&amp;B gestart naast hun atelier en theepottenmuseum in Weert. De kunst staat voor de glasgravures en objecten gemaakt door Saskia, de kitsch staat voor de enorme verzameling theepotten. Met natuurgebied De Krang binnen handbereik is dit een mooie uitvalsbasis voor fietsers, wandelaars en dus ook kunst- en kitsch-liefhebbers!<\/p>\n<div id=\"attachment_6411\" style=\"width: 310px\" class=\"wp-caption alignright\"><a href=\"http:\/\/www.bedandbreakfast.nl\/bed-and-breakfast-nl\/wageningen\/toproom-bb\/7105\"><img loading=\"lazy\" decoding=\"async\" aria-describedby=\"caption-attachment-6411\" class=\"size-medium wp-image-6411\" title=\"Toproom B&amp;B\" alt=\"Bosgebied\" src=\"https://blog.bedandbreakfast.nl/wp-content\/uploads\/2013\/04\/Toproom-300x223.jpg\" width=\"300\" height=\"223\" \/><\/a><p id=\"caption-attachment-6411\" class=\"wp-caption-text\">Kom tot rust in een bosrijke omgeving bij Toproom B&amp;B.<\/p><\/div>\n<p><strong>Toproom B&amp;B<\/strong><br \/>\nIn de bosrijke omgeving van Wageningen-Hoog hebben Jaap en Margaret Schokker hun bed en breakfast gerealiseerd. De naam van de B&amp;B komt voort uit het feit dat je als gast op de bovenverdieping slaapt: <a title=\"Toproom B&amp;B\" href=\"http:\/\/www.bedandbreakfast.nl\/bed-and-breakfast-nl\/wageningen\/toproom-bb\/7105\">Toproom<\/a>. Hoewel je middenin het bos zit, kun je er ook voor kiezen om bijvoorbeeld te gaan winkelen, eten of te gaan zwemmen in Bennekom of Wageningen. Kortom; natuurliefhebbers \u00e9n shoppers kunnen hier terecht voor een gezellig weekendje weg!<\/p>\n<p><em>MAX, \u2018Bed &amp; Breakfast\u2019<\/em><br \/>\n<em> Vrijdag 12 april 21:30 uur, Nederland 1<\/em><\/p>\n","protected":false},"excerpt":{"rendered":"<p>We kijken iedere week weer reikhalzend naar \u2018Bed &amp; Breakfast\u2019 uit! De zevende aflevering van de populaire tv-serie wordt vrijdag 12 april uitgezonden op Omroep MAX. Welke B&amp;B\u2019s doen er deze keer mee? Bedandbreakfast.nl zocht het vast voor je uit!<\/p>\n","protected":false},"author":8,"featured_media":0,"comment_status":"open","ping_status":"open","sticky":false,"template":"","format":"standard","meta":{"_monsterinsights_skip_tracking":false,"_monsterinsights_sitenote_active":false,"_monsterinsights_sitenote_note":"","_monsterinsights_sitenote_category":0,"jetpack_post_was_ever_published":false,"_jetpack_newsletter_access":"","_jetpack_dont_email_post_to_subs":true,"_jetpack_newsletter_tier_id":0,"_jetpack_memberships_contains_paywalled_content":false,"_jetpack_memberships_contains_paid_content":false,"footnotes":"","jetpack_publicize_message":"","jetpack_publicize_feature_enabled":true,"jetpack_social_post_already_shared":false,"jetpack_social_options":{"image_generator_settings":{"template":"highway","default_image_id":0,"font":"","enabled":false},"version":2}},"categories":[1,213],"tags":[453,454,8,67,455,456,457,119,458,452,100,459,460,461,334,462,463],"coauthors":[480],"class_list":["post-6139","post","type-post","status-publish","format-standard","hentry","category-algemeen","category-televisie","tag-aflevering-7","tag-baarlo","tag-bed-and-breakfast","tag-bed-en-breakfast","tag-de-strandhoeve","tag-kitsch","tag-kunst","tag-limburg","tag-logeren","tag-museum","tag-omroep-max","tag-overijssel","tag-theepotten","tag-toproom","tag-tv-serie","tag-wageningen","tag-weert"],"yoast_head":"<!-- This site is optimized with the Yoast SEO plugin v27.5 - https:\/\/yoast.com\/product\/yoast-seo-wordpress\/ -->\n<title>Vooruitblik tv-serie Bed &amp; Breakfast aflevering 7 - Bed and Breakfast Nieuws | Blog voor B&amp;B Eigenaren<\/title>\n<meta name=\"robots\" content=\"index, follow, max-snippet:-1, max-image-preview:large, max-video-preview:-1\" \/>\n<link rel=\"canonical\" href=\"https:\/\/blog.bedandbreakfast.nl\/eigenaren\/vooruitblik-tv-serie-bed-breakfast-aflevering-7\/\" \/>\n<meta property=\"og:locale\" content=\"nl_NL\" \/>\n<meta property=\"og:type\" content=\"article\" \/>\n<meta property=\"og:title\" content=\"Vooruitblik tv-serie Bed &amp; Breakfast aflevering 7 - Bed and Breakfast Nieuws | Blog voor B&amp;B Eigenaren\" \/>\n<meta property=\"og:description\" content=\"We kijken iedere week weer reikhalzend naar \u2018Bed &amp; Breakfast\u2019 uit! De zevende aflevering van de populaire tv-serie wordt vrijdag 12 april uitgezonden op Omroep MAX. Welke B&amp;B\u2019s doen er deze keer mee? Bedandbreakfast.nl zocht het vast voor je uit!\" \/>\n<meta property=\"og:url\" content=\"https:\/\/blog.bedandbreakfast.nl\/eigenaren\/vooruitblik-tv-serie-bed-breakfast-aflevering-7\/\" \/>\n<meta property=\"og:site_name\" content=\"Bed and Breakfast Nieuws | Blog voor B&amp;B Eigenaren\" \/>\n<meta property=\"article:published_time\" content=\"2013-04-10T08:11:00+00:00\" \/>\n<meta property=\"article:modified_time\" content=\"2017-09-08T11:04:49+00:00\" \/>\n<meta property=\"og:image\" content=\"https://blog.bedandbreakfast.nl/wp-content\/uploads\/2013\/04\/Groepsfotoa7-blog.jpg\" \/>\n<meta name=\"author\" content=\"Josjah Thalen\" \/>\n<meta name=\"twitter:label1\" content=\"Geschreven door\" \/>\n\t<meta name=\"twitter:data1\" content=\"Josjah Thalen\" \/>\n\t<meta name=\"twitter:label2\" content=\"Geschatte leestijd\" \/>\n\t<meta name=\"twitter:data2\" content=\"2 minuten\" \/>\n\t<meta name=\"twitter:label3\" content=\"Written by\" \/>\n\t<meta name=\"twitter:data3\" content=\"Josjah Thalen\" \/>\n<script type=\"application\/ld+json\" class=\"yoast-schema-graph\">{\"@context\":\"https:\\\/\\\/schema.org\",\"@graph\":[{\"@type\":\"Article\",\"@id\":\"https:\\\/\\\/blog.bedandbreakfast.nl\\\/eigenaren\\\/vooruitblik-tv-serie-bed-breakfast-aflevering-7\\\/#article\",\"isPartOf\":{\"@id\":\"https:\\\/\\\/blog.bedandbreakfast.nl\\\/eigenaren\\\/vooruitblik-tv-serie-bed-breakfast-aflevering-7\\\/\"},\"author\":{\"name\":\"Josjah Thalen\",\"@id\":\"https:\\\/\\\/blog.bedandbreakfast.nl\\\/eigenaren\\\/#\\\/schema\\\/person\\\/d7a54feebce45950423d228c3f62ce29\"},\"headline\":\"Vooruitblik tv-serie Bed &amp; Breakfast aflevering 7\",\"datePublished\":\"2013-04-10T08:11:00+00:00\",\"dateModified\":\"2017-09-08T11:04:49+00:00\",\"mainEntityOfPage\":{\"@id\":\"https:\\\/\\\/blog.bedandbreakfast.nl\\\/eigenaren\\\/vooruitblik-tv-serie-bed-breakfast-aflevering-7\\\/\"},\"wordCount\":389,\"commentCount\":0,\"image\":{\"@id\":\"https:\\\/\\\/blog.bedandbreakfast.nl\\\/eigenaren\\\/vooruitblik-tv-serie-bed-breakfast-aflevering-7\\\/#primaryimage\"},\"thumbnailUrl\":\"http:\\\/\\\/www.bedandbreakfast.nl\\\/blog\\\/wp-content\\\/uploads\\\/2013\\\/04\\\/Groepsfotoa7-blog.jpg\",\"keywords\":[\"aflevering 7\",\"baarlo\",\"bed and breakfast\",\"bed en breakfast\",\"de strandhoeve\",\"kitsch\",\"kunst\",\"Limburg\",\"logeren\",\"museum\",\"omroep max\",\"overijssel\",\"theepotten\",\"toproom\",\"tv-serie\",\"wageningen\",\"weert\"],\"articleSection\":[\"Algemeen\",\"Televisie\"],\"inLanguage\":\"nl-NL\",\"potentialAction\":[{\"@type\":\"CommentAction\",\"name\":\"Comment\",\"target\":[\"https:\\\/\\\/blog.bedandbreakfast.nl\\\/eigenaren\\\/vooruitblik-tv-serie-bed-breakfast-aflevering-7\\\/#respond\"]}]},{\"@type\":\"WebPage\",\"@id\":\"https:\\\/\\\/blog.bedandbreakfast.nl\\\/eigenaren\\\/vooruitblik-tv-serie-bed-breakfast-aflevering-7\\\/\",\"url\":\"https:\\\/\\\/blog.bedandbreakfast.nl\\\/eigenaren\\\/vooruitblik-tv-serie-bed-breakfast-aflevering-7\\\/\",\"name\":\"Vooruitblik tv-serie Bed &amp; Breakfast aflevering 7 - Bed and Breakfast Nieuws | Blog voor B&amp;B Eigenaren\",\"isPartOf\":{\"@id\":\"https:\\\/\\\/blog.bedandbreakfast.nl\\\/eigenaren\\\/#website\"},\"primaryImageOfPage\":{\"@id\":\"https:\\\/\\\/blog.bedandbreakfast.nl\\\/eigenaren\\\/vooruitblik-tv-serie-bed-breakfast-aflevering-7\\\/#primaryimage\"},\"image\":{\"@id\":\"https:\\\/\\\/blog.bedandbreakfast.nl\\\/eigenaren\\\/vooruitblik-tv-serie-bed-breakfast-aflevering-7\\\/#primaryimage\"},\"thumbnailUrl\":\"http:\\\/\\\/www.bedandbreakfast.nl\\\/blog\\\/wp-content\\\/uploads\\\/2013\\\/04\\\/Groepsfotoa7-blog.jpg\",\"datePublished\":\"2013-04-10T08:11:00+00:00\",\"dateModified\":\"2017-09-08T11:04:49+00:00\",\"author\":{\"@id\":\"https:\\\/\\\/blog.bedandbreakfast.nl\\\/eigenaren\\\/#\\\/schema\\\/person\\\/d7a54feebce45950423d228c3f62ce29\"},\"inLanguage\":\"nl-NL\",\"potentialAction\":[{\"@type\":\"ReadAction\",\"target\":[\"https:\\\/\\\/blog.bedandbreakfast.nl\\\/eigenaren\\\/vooruitblik-tv-serie-bed-breakfast-aflevering-7\\\/\"]}]},{\"@type\":\"ImageObject\",\"inLanguage\":\"nl-NL\",\"@id\":\"https:\\\/\\\/blog.bedandbreakfast.nl\\\/eigenaren\\\/vooruitblik-tv-serie-bed-breakfast-aflevering-7\\\/#primaryimage\",\"url\":\"http:\\\/\\\/www.bedandbreakfast.nl\\\/blog\\\/wp-content\\\/uploads\\\/2013\\\/04\\\/Groepsfotoa7-blog.jpg\",\"contentUrl\":\"http:\\\/\\\/www.bedandbreakfast.nl\\\/blog\\\/wp-content\\\/uploads\\\/2013\\\/04\\\/Groepsfotoa7-blog.jpg\"},{\"@type\":\"WebSite\",\"@id\":\"https:\\\/\\\/blog.bedandbreakfast.nl\\\/eigenaren\\\/#website\",\"url\":\"https:\\\/\\\/blog.bedandbreakfast.nl\\\/eigenaren\\\/\",\"name\":\"Bed and Breakfast Nieuws | Blog voor B&amp;B Eigenaren\",\"description\":\"\",\"potentialAction\":[{\"@type\":\"SearchAction\",\"target\":{\"@type\":\"EntryPoint\",\"urlTemplate\":\"https:\\\/\\\/blog.bedandbreakfast.nl\\\/eigenaren\\\/?s={search_term_string}\"},\"query-input\":{\"@type\":\"PropertyValueSpecification\",\"valueRequired\":true,\"valueName\":\"search_term_string\"}}],\"inLanguage\":\"nl-NL\"},{\"@type\":\"Person\",\"@id\":\"https:\\\/\\\/blog.bedandbreakfast.nl\\\/eigenaren\\\/#\\\/schema\\\/person\\\/d7a54feebce45950423d228c3f62ce29\",\"name\":\"Josjah Thalen\",\"image\":{\"@type\":\"ImageObject\",\"inLanguage\":\"nl-NL\",\"@id\":\"https:\\\/\\\/secure.gravatar.com\\\/avatar\\\/3d323b3d641ca48940632a24b66d5a8f02f80c664a198c89b40906f74c1159e4?s=96&d=wp_user_avatar&r=ga7fe69c837411740ca0aafbff074d3c3\",\"url\":\"https:\\\/\\\/secure.gravatar.com\\\/avatar\\\/3d323b3d641ca48940632a24b66d5a8f02f80c664a198c89b40906f74c1159e4?s=96&d=wp_user_avatar&r=g\",\"contentUrl\":\"https:\\\/\\\/secure.gravatar.com\\\/avatar\\\/3d323b3d641ca48940632a24b66d5a8f02f80c664a198c89b40906f74c1159e4?s=96&d=wp_user_avatar&r=g\",\"caption\":\"Josjah Thalen\"},\"description\":\"Eindredacteur bij Bedandbreakfast.eu B.V.\",\"sameAs\":[\"http:\\\/\\\/www.bedandbreakfast.nl\"],\"url\":\"https:\\\/\\\/blog.bedandbreakfast.nl\\\/eigenaren\\\/author\\\/josjah\\\/\"}]}<\/script>\n<!-- \/ Yoast SEO plugin. -->","yoast_head_json":{"title":"Vooruitblik tv-serie Bed &amp; Breakfast aflevering 7 - Bed and Breakfast Nieuws | Blog voor B&amp;B Eigenaren","robots":{"index":"index","follow":"follow","max-snippet":"max-snippet:-1","max-image-preview":"max-image-preview:large","max-video-preview":"max-video-preview:-1"},"canonical":"https:\/\/blog.bedandbreakfast.nl\/eigenaren\/vooruitblik-tv-serie-bed-breakfast-aflevering-7\/","og_locale":"nl_NL","og_type":"article","og_title":"Vooruitblik tv-serie Bed &amp; Breakfast aflevering 7 - Bed and Breakfast Nieuws | Blog voor B&amp;B Eigenaren","og_description":"We kijken iedere week weer reikhalzend naar \u2018Bed &amp; Breakfast\u2019 uit! De zevende aflevering van de populaire tv-serie wordt vrijdag 12 april uitgezonden op Omroep MAX. Welke B&amp;B\u2019s doen er deze keer mee? Bedandbreakfast.nl zocht het vast voor je uit!","og_url":"https:\/\/blog.bedandbreakfast.nl\/eigenaren\/vooruitblik-tv-serie-bed-breakfast-aflevering-7\/","og_site_name":"Bed and Breakfast Nieuws | Blog voor B&amp;B Eigenaren","article_published_time":"2013-04-10T08:11:00+00:00","article_modified_time":"2017-09-08T11:04:49+00:00","og_image":[{"url":"https://blog.bedandbreakfast.nl/wp-content\/uploads\/2013\/04\/Groepsfotoa7-blog.jpg","type":"","width":"","height":""}],"author":"Josjah Thalen","twitter_misc":{"Geschreven door":"Josjah Thalen","Geschatte leestijd":"2 minuten","Written by":"Josjah Thalen"},"schema":{"@context":"https:\/\/schema.org","@graph":[{"@type":"Article","@id":"https:\/\/blog.bedandbreakfast.nl\/eigenaren\/vooruitblik-tv-serie-bed-breakfast-aflevering-7\/#article","isPartOf":{"@id":"https:\/\/blog.bedandbreakfast.nl\/eigenaren\/vooruitblik-tv-serie-bed-breakfast-aflevering-7\/"},"author":{"name":"Josjah Thalen","@id":"https:\/\/blog.bedandbreakfast.nl\/eigenaren\/#\/schema\/person\/d7a54feebce45950423d228c3f62ce29"},"headline":"Vooruitblik tv-serie Bed &amp; Breakfast aflevering 7","datePublished":"2013-04-10T08:11:00+00:00","dateModified":"2017-09-08T11:04:49+00:00","mainEntityOfPage":{"@id":"https:\/\/blog.bedandbreakfast.nl\/eigenaren\/vooruitblik-tv-serie-bed-breakfast-aflevering-7\/"},"wordCount":389,"commentCount":0,"image":{"@id":"https:\/\/blog.bedandbreakfast.nl\/eigenaren\/vooruitblik-tv-serie-bed-breakfast-aflevering-7\/#primaryimage"},"thumbnailUrl":"https://blog.bedandbreakfast.nl/wp-content\/uploads\/2013\/04\/Groepsfotoa7-blog.jpg","keywords":["aflevering 7","baarlo","bed and breakfast","bed en breakfast","de strandhoeve","kitsch","kunst","Limburg","logeren","museum","omroep max","overijssel","theepotten","toproom","tv-serie","wageningen","weert"],"articleSection":["Algemeen","Televisie"],"inLanguage":"nl-NL","potentialAction":[{"@type":"CommentAction","name":"Comment","target":["https:\/\/blog.bedandbreakfast.nl\/eigenaren\/vooruitblik-tv-serie-bed-breakfast-aflevering-7\/#respond"]}]},{"@type":"WebPage","@id":"https:\/\/blog.bedandbreakfast.nl\/eigenaren\/vooruitblik-tv-serie-bed-breakfast-aflevering-7\/","url":"https:\/\/blog.bedandbreakfast.nl\/eigenaren\/vooruitblik-tv-serie-bed-breakfast-aflevering-7\/","name":"Vooruitblik tv-serie Bed &amp; Breakfast aflevering 7 - Bed and Breakfast Nieuws | Blog voor B&amp;B Eigenaren","isPartOf":{"@id":"https:\/\/blog.bedandbreakfast.nl\/eigenaren\/#website"},"primaryImageOfPage":{"@id":"https:\/\/blog.bedandbreakfast.nl\/eigenaren\/vooruitblik-tv-serie-bed-breakfast-aflevering-7\/#primaryimage"},"image":{"@id":"https:\/\/blog.bedandbreakfast.nl\/eigenaren\/vooruitblik-tv-serie-bed-breakfast-aflevering-7\/#primaryimage"},"thumbnailUrl":"https://blog.bedandbreakfast.nl/wp-content\/uploads\/2013\/04\/Groepsfotoa7-blog.jpg","datePublished":"2013-04-10T08:11:00+00:00","dateModified":"2017-09-08T11:04:49+00:00","author":{"@id":"https:\/\/blog.bedandbreakfast.nl\/eigenaren\/#\/schema\/person\/d7a54feebce45950423d228c3f62ce29"},"inLanguage":"nl-NL","potentialAction":[{"@type":"ReadAction","target":["https:\/\/blog.bedandbreakfast.nl\/eigenaren\/vooruitblik-tv-serie-bed-breakfast-aflevering-7\/"]}]},{"@type":"ImageObject","inLanguage":"nl-NL","@id":"https:\/\/blog.bedandbreakfast.nl\/eigenaren\/vooruitblik-tv-serie-bed-breakfast-aflevering-7\/#primaryimage","url":"https://blog.bedandbreakfast.nl/wp-content\/uploads\/2013\/04\/Groepsfotoa7-blog.jpg","contentUrl":"https://blog.bedandbreakfast.nl/wp-content\/uploads\/2013\/04\/Groepsfotoa7-blog.jpg"},{"@type":"WebSite","@id":"https:\/\/blog.bedandbreakfast.nl\/eigenaren\/#website","url":"https:\/\/blog.bedandbreakfast.nl\/eigenaren\/","name":"Bed and Breakfast Nieuws | Blog voor B&amp;B Eigenaren","description":"","potentialAction":[{"@type":"SearchAction","target":{"@type":"EntryPoint","urlTemplate":"https:\/\/blog.bedandbreakfast.nl\/eigenaren\/?s={search_term_string}"},"query-input":{"@type":"PropertyValueSpecification","valueRequired":true,"valueName":"search_term_string"}}],"inLanguage":"nl-NL"},{"@type":"Person","@id":"https:\/\/blog.bedandbreakfast.nl\/eigenaren\/#\/schema\/person\/d7a54feebce45950423d228c3f62ce29","name":"Josjah Thalen","image":{"@type":"ImageObject","inLanguage":"nl-NL","@id":"https:\/\/secure.gravatar.com\/avatar\/3d323b3d641ca48940632a24b66d5a8f02f80c664a198c89b40906f74c1159e4?s=96&d=wp_user_avatar&r=ga7fe69c837411740ca0aafbff074d3c3","url":"https:\/\/secure.gravatar.com\/avatar\/3d323b3d641ca48940632a24b66d5a8f02f80c664a198c89b40906f74c1159e4?s=96&d=wp_user_avatar&r=g","contentUrl":"https:\/\/secure.gravatar.com\/avatar\/3d323b3d641ca48940632a24b66d5a8f02f80c664a198c89b40906f74c1159e4?s=96&d=wp_user_avatar&r=g","caption":"Josjah Thalen"},"description":"Eindredacteur bij Bedandbreakfast.eu B.V.","sameAs":["http:\/\/www.bedandbreakfast.nl"],"url":"https:\/\/blog.bedandbreakfast.nl\/eigenaren\/author\/josjah\/"}]}},"jetpack_publicize_connections":[],"jetpack_featured_media_url":"","jetpack_shortlink":"https:\/\/wp.me\/p1XIgm-1B1","jetpack_sharing_enabled":true,"_links":{"self":[{"href":"https://www.bedandbreakfast.nl/blog/eigenaren/wp-json/wp\/v2\/posts\/6139","targetHints":{"allow":["GET"]}}],"collection":[{"href":"https://www.bedandbreakfast.nl/blog/eigenaren/wp-json/wp\/v2\/posts"}],"about":[{"href":"https://www.bedandbreakfast.nl/blog/eigenaren/wp-json/wp\/v2\/types\/post"}],"author":[{"embeddable":true,"href":"https://www.bedandbreakfast.nl/blog/eigenaren/wp-json/wp\/v2\/users\/8"}],"replies":[{"embeddable":true,"href":"https://www.bedandbreakfast.nl/blog/eigenaren/wp-json/wp\/v2\/comments?post=6139"}],"version-history":[{"count":1,"href":"https://www.bedandbreakfast.nl/blog/eigenaren/wp-json/wp\/v2\/posts\/6139\/revisions"}],"predecessor-version":[{"id":14231,"href":"https://www.bedandbreakfast.nl/blog/eigenaren/wp-json/wp\/v2\/posts\/6139\/revisions\/14231"}],"wp:attachment":[{"href":"https://www.bedandbreakfast.nl/blog/eigenaren/wp-json/wp\/v2\/media?parent=6139"}],"wp:term":[{"taxonomy":"category","embeddable":true,"href":"https://www.bedandbreakfast.nl/blog/eigenaren/wp-json/wp\/v2\/categories?post=6139"},{"taxonomy":"post_tag","embeddable":true,"href":"https://www.bedandbreakfast.nl/blog/eigenaren/wp-json/wp\/v2\/tags?post=6139"},{"taxonomy":"author","embeddable":true,"href":"https://www.bedandbreakfast.nl/blog/eigenaren/wp-json/wp\/v2\/coauthors?post=6139"}],"curies":[{"name":"wp","href":"https:\/\/api.w.org\/{rel}","templated":true}]}}