{"id":7311,"date":"2013-10-14T16:17:28","date_gmt":"2013-10-14T14:17:28","guid":{"rendered":"http:\/\/www.bedandbreakfast.nl\/blog\/eigenaren\/?p=7311"},"modified":"2017-09-08T13:02:37","modified_gmt":"2017-09-08T11:02:37","slug":"bed-breakfasts-uitgebreid-op-tv-bij-hallo-holland-op-rtl4-uitzending-gemist","status":"publish","type":"post","link":"https:\/\/blog.bedandbreakfast.nl\/eigenaren\/bed-breakfasts-uitgebreid-op-tv-bij-hallo-holland-op-rtl4-uitzending-gemist\/","title":{"rendered":"Bed &#038; breakfasts in tv-programma Hallo Holland op RTL4"},"content":{"rendered":"<div id=\"attachment_6549\" style=\"width: 645px\" class=\"wp-caption alignnone\"><a href=\"http:\/\/www.rtlxl.nl\/#!\/hallo-holland-303393\/7ea7a4e5-6037-36e6-bf15-5aef04b794de\" rel=\"attachment wp-att-6549\"><img loading=\"lazy\" decoding=\"async\" aria-describedby=\"caption-attachment-6549\" class=\" wp-image-6549 \" title=\"Filmpje Hallo Holland\" src=\"https://blog.bedandbreakfast.nl/wp-content\/uploads\/2013\/10\/HalloHolland.jpg\" alt=\"B&amp;B op RTLXL.nl.\" width=\"635\" height=\"323\" \/><\/a><p id=\"caption-attachment-6549\" class=\"wp-caption-text\">Klik op de foto om de aflevering van Hallo Holland terug te kijken op RTLXL.nl.<\/p><\/div>\n<p>Altijd leuk als er een bed &amp; breakfast op tv komt! Het tv-programma Hallo Holland op RTL 4 besteedt in de aflevering van 10 oktober 2013 uitgebreid aandacht aan <a title=\"Hoeve Hotel de Vredenhof\" href=\"http:\/\/www.bedandbreakfast.nl\/bed-and-breakfast-nl\/zuidlaren\/b-b-hotel-hoeve-de-vredenhof\/8870\/\">bed &amp; breakfast Hotel Hoeve de Vredenhof<\/a> in het Drentse dorp Zuidlaren en aan <a title=\"aquamarijn B&amp;B\" href=\"http:\/\/www.bedandbreakfast.nl\/bed-and-breakfast-nl\/stieltjeskanaal\/aquamarijn\/7959\/\">Aquamarijn B&amp;B<\/a> in de Drentse plaats Stieltjeskanaal.\u00a0<!--more--><\/p>\n<div id=\"attachment_6552\" style=\"width: 608px\" class=\"wp-caption alignnone\"><a href=\"http:\/\/www.bedandbreakfast.nl\/bed-and-breakfast-nl\/zuidlaren\/b-b-hotel-hoeve-de-vredenhof\/8870\/\" rel=\"attachment wp-att-6552\"><img loading=\"lazy\" decoding=\"async\" aria-describedby=\"caption-attachment-6552\" class=\"size-full wp-image-6552 \" title=\"Bed &amp; Breakfast Hoeve Vredenhof\" src=\"https://blog.bedandbreakfast.nl/wp-content\/uploads\/2013\/10\/vredenhof5.jpg\" alt=\"Hotel Hoeve Vredenhof\" width=\"598\" height=\"384\" \/><\/a><p id=\"caption-attachment-6552\" class=\"wp-caption-text\">Bed &amp; breakfast Hotel Hoeve Vredenhof in Zuidlaren in Drenthe.<\/p><\/div>\n<p><strong>Bed &amp; breakfast-vlag<\/strong><br \/>\nB&amp;B Hoeve Hotel de Vredenhof en Aquamarijn B&amp;B nemen beide deel aan de <a title=\"Nederlandse Bed &amp; Breakfast Classificatie\" href=\"http:\/\/www.bedandbreakfastclassificatie.nl\">Nederlandse Bed &amp; Breakfast Classificatie<\/a>. Allebei kunnen ze bogen op vier kwaliteitstulpen, een categorie voor B&amp;B&#8217;s van topkwaliteit. Omdat de accommodaties officieel geclassificeerd zijn, mogen zij de bekende bed &amp; breakfast-vlag met het roze tulplogo voeren. Deze vlag zie je in het filmpje vaak in beeld verschijnen.<\/p>\n<div id=\"attachment_6551\" style=\"width: 605px\" class=\"wp-caption alignnone\"><a href=\"http:\/\/www.bedandbreakfast.nl\/bed-and-breakfast-nl\/stieltjeskanaal\/aquamarijn\/7959\/\" rel=\"attachment wp-att-6551\"><img loading=\"lazy\" decoding=\"async\" aria-describedby=\"caption-attachment-6551\" class=\"size-full wp-image-6551 \" title=\"Bed &amp; Breakfast Aquamarijn\" src=\"https://blog.bedandbreakfast.nl/wp-content\/uploads\/2013\/10\/aquamarijn.jpg\" alt=\"Aquamarijn B&amp;B in Stieltjeskanaal\" width=\"595\" height=\"285\" \/><\/a><p id=\"caption-attachment-6551\" class=\"wp-caption-text\">Bed &amp; Breakfast Aquamarijn in Stieltjeskanaal.<\/p><\/div>\n<p><strong>Gastvrij en betrokken<\/strong><br \/>\nHet is mooi om te zien hoe betrokken en gastvrij de B&amp;B-eigenaren zijn.\u00a0Hans Hesseling van bed &amp; breakfast Hotel Hoeve Vredenburg vertelt zijn gasten over de historie van de accommodatie. Jeanette Geerlings van bed and breakfast Aquamarijn raadt een bezoekje aan Plopsa Indoor Coevorden aan: &#8220;Zit bij ons om de hoek!&#8221; Ook verzorgt ze hoogstpersoonlijk een high tea.<\/p>\n<div id=\"attachment_6553\" style=\"width: 648px\" class=\"wp-caption alignright\"><a href=\"http:\/\/www.bedandbreakfast.nl\/bed-and-breakfast-nl\/stieltjeskanaal\/aquamarijn\/7959\/\" rel=\"attachment wp-att-6553\"><img loading=\"lazy\" decoding=\"async\" aria-describedby=\"caption-attachment-6553\" class=\" wp-image-6553 \" title=\"B&amp;B Aquamarijn in Stieltjeskanaal\" src=\"https://blog.bedandbreakfast.nl/wp-content\/uploads\/2013\/10\/aquamarijn3.jpg\" alt=\"Bed &amp; Breakfast Aquamarijn\" width=\"638\" height=\"322\" \/><\/a><p id=\"caption-attachment-6553\" class=\"wp-caption-text\">Jeanette van Bed &amp; Breakfast Aquamarijn vertelt over het nabijgelegen Plopsa Indoor Coevorden.<\/p><\/div>\n<p>In beide B&amp;B&#8217;s worden de gasten verwend met heerlijke gerechten en geen moeite is gespaard om de kamers zo comfortabel en sfeervol mogelijk te maken.\u00a0Als je het filmpje ziet, heb je meteen zin om naar Drenthe af te reizen om ook zo in de watten te worden gelegd!<\/p>\n<div id=\"attachment_6555\" style=\"width: 645px\" class=\"wp-caption alignright\"><a href=\"http:\/\/www.bedandbreakfast.nl\/bed-and-breakfast-nl\/zuidlaren\/b-b-hotel-hoeve-de-vredenhof\/8870\/\" rel=\"attachment wp-att-6555\"><img loading=\"lazy\" decoding=\"async\" aria-describedby=\"caption-attachment-6555\" class=\" wp-image-6555 \" title=\"Hotel Hoeve Vredenhof\" src=\"https://blog.bedandbreakfast.nl/wp-content\/uploads\/2013\/10\/vredenhof3.jpg\" alt=\"B&amp;B Hotel Hoeve Vredenhof\" width=\"635\" height=\"359\" \/><\/a><p id=\"caption-attachment-6555\" class=\"wp-caption-text\">Hans Hesseling van B&amp;B Hotel Hoeve Vredenhof serveert het ontbijt.<\/p><\/div>\n<p><strong>Bed en Breakfast Classificatie: aanmelden<br \/>\n<\/strong>Wil je net als bed &amp; breakfast Hotel Hoeve Vredenhof en Aquamarijn B&amp;B roze kwaliteitstulpen ontvangen en de offici\u00eble bed &amp; breakfast-vlag ontvangen? <a title=\"Bedandbreakfast Classificatie aanmelden\" href=\"http:\/\/www.bedandbreakfastclassificatie.nl\/signupinfo\">Meld je B&amp;B dan aan<\/a>\u00a0bij de Nederlandse Bed &amp; Breakfast Classificatie. Je krijgt dan een mystery guest op bezoek die jouw B&amp;B controleert aan de hand van een lijst objectief meetbare kwaliteitsnormen.<\/p>\n<p>Op basis van de rapportage kent\u00a0Stichting Bed &amp; Breakfast Nederland jouw B&amp;B \u00e9\u00e9n tot vijf tulpen toe. Je ontvangt de B&amp;B-vlag, mag het offici\u00eble classificatieschild aan je gevel bevestigen \u00e9n je maakt automatisch ieder jaar kans op een award in de bekende verkiezing van Beste Bed &amp; Breakfast van Nederland. <a title=\"Bedandbreakfastclassificatie.nl\" href=\"http:\/\/www.bedandbreakfastclassificatie.nl\">Meer informatie en aanmelden &gt;&gt;<\/a><\/p>\n","protected":false},"excerpt":{"rendered":"<p>Altijd leuk als er een bed &amp; breakfast op tv komt! Het tv-programma Hallo Holland op RTL 4 besteedt in de aflevering van 10 oktober 2013 uitgebreid aandacht aan bed &amp; breakfast Hotel Hoeve de Vredenhof in het Drentse dorp Zuidlaren en aan Aquamarijn B&amp;B in de Drentse plaats Stieltjeskanaal.\u00a0<\/p>\n","protected":false},"author":2,"featured_media":0,"comment_status":"open","ping_status":"open","sticky":false,"template":"","format":"standard","meta":{"_monsterinsights_skip_tracking":false,"_monsterinsights_sitenote_active":false,"_monsterinsights_sitenote_note":"","_monsterinsights_sitenote_category":0,"jetpack_post_was_ever_published":false,"_jetpack_newsletter_access":"","_jetpack_dont_email_post_to_subs":true,"_jetpack_newsletter_tier_id":0,"_jetpack_memberships_contains_paywalled_content":false,"_jetpack_memberships_contains_paid_content":false,"footnotes":"","jetpack_publicize_message":"","jetpack_publicize_feature_enabled":true,"jetpack_social_post_already_shared":false,"jetpack_social_options":{"image_generator_settings":{"template":"highway","default_image_id":0,"font":"","enabled":false},"version":2}},"categories":[1,213],"tags":[535,7,8,67,536,537,538,539,376,540,541],"coauthors":[479],"class_list":["post-7311","post","type-post","status-publish","format-standard","hentry","category-algemeen","category-televisie","tag-aquamarijn-bb","tag-bb","tag-bed-and-breakfast","tag-bed-en-breakfast","tag-hallo-holland","tag-hans-hesseling","tag-hoeve-de-vredenhof","tag-jeanette-geerlings","tag-rtl4","tag-stieltjeskanaal","tag-zuidlaren"],"yoast_head":"<!-- This site is optimized with the Yoast SEO plugin v27.5 - https:\/\/yoast.com\/product\/yoast-seo-wordpress\/ -->\n<title>Bed &amp; breakfasts in tv-programma Hallo Holland op RTL4 - Bed and Breakfast Nieuws | Blog voor B&amp;B Eigenaren<\/title>\n<meta name=\"robots\" content=\"index, follow, max-snippet:-1, max-image-preview:large, max-video-preview:-1\" \/>\n<link rel=\"canonical\" href=\"https:\/\/blog.bedandbreakfast.nl\/eigenaren\/bed-breakfasts-uitgebreid-op-tv-bij-hallo-holland-op-rtl4-uitzending-gemist\/\" \/>\n<meta property=\"og:locale\" content=\"nl_NL\" \/>\n<meta property=\"og:type\" content=\"article\" \/>\n<meta property=\"og:title\" content=\"Bed &amp; breakfasts in tv-programma Hallo Holland op RTL4 - Bed and Breakfast Nieuws | Blog voor B&amp;B Eigenaren\" \/>\n<meta property=\"og:description\" content=\"Altijd leuk als er een bed &amp; breakfast op tv komt! Het tv-programma Hallo Holland op RTL 4 besteedt in de aflevering van 10 oktober 2013 uitgebreid aandacht aan bed &amp; breakfast Hotel Hoeve de Vredenhof in het Drentse dorp Zuidlaren en aan Aquamarijn B&amp;B in de Drentse plaats Stieltjeskanaal.\u00a0\" \/>\n<meta property=\"og:url\" content=\"https:\/\/blog.bedandbreakfast.nl\/eigenaren\/bed-breakfasts-uitgebreid-op-tv-bij-hallo-holland-op-rtl4-uitzending-gemist\/\" \/>\n<meta property=\"og:site_name\" content=\"Bed and Breakfast Nieuws | Blog voor B&amp;B Eigenaren\" \/>\n<meta property=\"article:published_time\" content=\"2013-10-14T14:17:28+00:00\" \/>\n<meta property=\"article:modified_time\" content=\"2017-09-08T11:02:37+00:00\" \/>\n<meta property=\"og:image\" content=\"https://blog.bedandbreakfast.nl/wp-content\/uploads\/2013\/10\/HalloHolland.jpg\" \/>\n<meta name=\"author\" content=\"Janneke Scheepers\" \/>\n<meta name=\"twitter:label1\" content=\"Geschreven door\" \/>\n\t<meta name=\"twitter:data1\" content=\"Janneke Scheepers\" \/>\n\t<meta name=\"twitter:label2\" content=\"Geschatte leestijd\" \/>\n\t<meta name=\"twitter:data2\" content=\"2 minuten\" \/>\n\t<meta name=\"twitter:label3\" content=\"Written by\" \/>\n\t<meta name=\"twitter:data3\" content=\"Janneke Scheepers\" \/>\n<script type=\"application\/ld+json\" class=\"yoast-schema-graph\">{\"@context\":\"https:\\\/\\\/schema.org\",\"@graph\":[{\"@type\":\"Article\",\"@id\":\"https:\\\/\\\/blog.bedandbreakfast.nl\\\/eigenaren\\\/bed-breakfasts-uitgebreid-op-tv-bij-hallo-holland-op-rtl4-uitzending-gemist\\\/#article\",\"isPartOf\":{\"@id\":\"https:\\\/\\\/blog.bedandbreakfast.nl\\\/eigenaren\\\/bed-breakfasts-uitgebreid-op-tv-bij-hallo-holland-op-rtl4-uitzending-gemist\\\/\"},\"author\":{\"name\":\"Janneke Scheepers\",\"@id\":\"https:\\\/\\\/blog.bedandbreakfast.nl\\\/eigenaren\\\/#\\\/schema\\\/person\\\/6dfc0dcf996a362fd829625f7265f53e\"},\"headline\":\"Bed &#038; breakfasts in tv-programma Hallo Holland op RTL4\",\"datePublished\":\"2013-10-14T14:17:28+00:00\",\"dateModified\":\"2017-09-08T11:02:37+00:00\",\"mainEntityOfPage\":{\"@id\":\"https:\\\/\\\/blog.bedandbreakfast.nl\\\/eigenaren\\\/bed-breakfasts-uitgebreid-op-tv-bij-hallo-holland-op-rtl4-uitzending-gemist\\\/\"},\"wordCount\":465,\"commentCount\":0,\"image\":{\"@id\":\"https:\\\/\\\/blog.bedandbreakfast.nl\\\/eigenaren\\\/bed-breakfasts-uitgebreid-op-tv-bij-hallo-holland-op-rtl4-uitzending-gemist\\\/#primaryimage\"},\"thumbnailUrl\":\"http:\\\/\\\/www.bedandbreakfast.nl\\\/blog\\\/wp-content\\\/uploads\\\/2013\\\/10\\\/HalloHolland.jpg\",\"keywords\":[\"Aquamarijn B&amp;B\",\"B&amp;B\",\"bed and breakfast\",\"bed en breakfast\",\"hallo holland\",\"Hans Hesseling\",\"Hoeve de Vredenhof\",\"Jeanette Geerlings\",\"RTL4\",\"Stieltjeskanaal\",\"Zuidlaren\"],\"articleSection\":[\"Algemeen\",\"Televisie\"],\"inLanguage\":\"nl-NL\",\"potentialAction\":[{\"@type\":\"CommentAction\",\"name\":\"Comment\",\"target\":[\"https:\\\/\\\/blog.bedandbreakfast.nl\\\/eigenaren\\\/bed-breakfasts-uitgebreid-op-tv-bij-hallo-holland-op-rtl4-uitzending-gemist\\\/#respond\"]}]},{\"@type\":\"WebPage\",\"@id\":\"https:\\\/\\\/blog.bedandbreakfast.nl\\\/eigenaren\\\/bed-breakfasts-uitgebreid-op-tv-bij-hallo-holland-op-rtl4-uitzending-gemist\\\/\",\"url\":\"https:\\\/\\\/blog.bedandbreakfast.nl\\\/eigenaren\\\/bed-breakfasts-uitgebreid-op-tv-bij-hallo-holland-op-rtl4-uitzending-gemist\\\/\",\"name\":\"Bed & breakfasts in tv-programma Hallo Holland op RTL4 - Bed and Breakfast Nieuws | Blog voor B&amp;B Eigenaren\",\"isPartOf\":{\"@id\":\"https:\\\/\\\/blog.bedandbreakfast.nl\\\/eigenaren\\\/#website\"},\"primaryImageOfPage\":{\"@id\":\"https:\\\/\\\/blog.bedandbreakfast.nl\\\/eigenaren\\\/bed-breakfasts-uitgebreid-op-tv-bij-hallo-holland-op-rtl4-uitzending-gemist\\\/#primaryimage\"},\"image\":{\"@id\":\"https:\\\/\\\/blog.bedandbreakfast.nl\\\/eigenaren\\\/bed-breakfasts-uitgebreid-op-tv-bij-hallo-holland-op-rtl4-uitzending-gemist\\\/#primaryimage\"},\"thumbnailUrl\":\"http:\\\/\\\/www.bedandbreakfast.nl\\\/blog\\\/wp-content\\\/uploads\\\/2013\\\/10\\\/HalloHolland.jpg\",\"datePublished\":\"2013-10-14T14:17:28+00:00\",\"dateModified\":\"2017-09-08T11:02:37+00:00\",\"author\":{\"@id\":\"https:\\\/\\\/blog.bedandbreakfast.nl\\\/eigenaren\\\/#\\\/schema\\\/person\\\/6dfc0dcf996a362fd829625f7265f53e\"},\"inLanguage\":\"nl-NL\",\"potentialAction\":[{\"@type\":\"ReadAction\",\"target\":[\"https:\\\/\\\/blog.bedandbreakfast.nl\\\/eigenaren\\\/bed-breakfasts-uitgebreid-op-tv-bij-hallo-holland-op-rtl4-uitzending-gemist\\\/\"]}]},{\"@type\":\"ImageObject\",\"inLanguage\":\"nl-NL\",\"@id\":\"https:\\\/\\\/blog.bedandbreakfast.nl\\\/eigenaren\\\/bed-breakfasts-uitgebreid-op-tv-bij-hallo-holland-op-rtl4-uitzending-gemist\\\/#primaryimage\",\"url\":\"http:\\\/\\\/www.bedandbreakfast.nl\\\/blog\\\/wp-content\\\/uploads\\\/2013\\\/10\\\/HalloHolland.jpg\",\"contentUrl\":\"http:\\\/\\\/www.bedandbreakfast.nl\\\/blog\\\/wp-content\\\/uploads\\\/2013\\\/10\\\/HalloHolland.jpg\"},{\"@type\":\"WebSite\",\"@id\":\"https:\\\/\\\/blog.bedandbreakfast.nl\\\/eigenaren\\\/#website\",\"url\":\"https:\\\/\\\/blog.bedandbreakfast.nl\\\/eigenaren\\\/\",\"name\":\"Bed and Breakfast Nieuws | Blog voor B&amp;B Eigenaren\",\"description\":\"\",\"potentialAction\":[{\"@type\":\"SearchAction\",\"target\":{\"@type\":\"EntryPoint\",\"urlTemplate\":\"https:\\\/\\\/blog.bedandbreakfast.nl\\\/eigenaren\\\/?s={search_term_string}\"},\"query-input\":{\"@type\":\"PropertyValueSpecification\",\"valueRequired\":true,\"valueName\":\"search_term_string\"}}],\"inLanguage\":\"nl-NL\"},{\"@type\":\"Person\",\"@id\":\"https:\\\/\\\/blog.bedandbreakfast.nl\\\/eigenaren\\\/#\\\/schema\\\/person\\\/6dfc0dcf996a362fd829625f7265f53e\",\"name\":\"Janneke Scheepers\",\"image\":{\"@type\":\"ImageObject\",\"inLanguage\":\"nl-NL\",\"@id\":\"https:\\\/\\\/secure.gravatar.com\\\/avatar\\\/0a6bacb5ed0777a84a2ec3cba709a9567f86b37d14036cca6a43feafe40d1900?s=96&d=wp_user_avatar&r=g2e7753d35cc3857a519e88499dd3797f\",\"url\":\"https:\\\/\\\/secure.gravatar.com\\\/avatar\\\/0a6bacb5ed0777a84a2ec3cba709a9567f86b37d14036cca6a43feafe40d1900?s=96&d=wp_user_avatar&r=g\",\"contentUrl\":\"https:\\\/\\\/secure.gravatar.com\\\/avatar\\\/0a6bacb5ed0777a84a2ec3cba709a9567f86b37d14036cca6a43feafe40d1900?s=96&d=wp_user_avatar&r=g\",\"caption\":\"Janneke Scheepers\"},\"description\":\"Webredacteur bij Bedandbreakfast.eu B.V. tot februari 2016.\",\"url\":\"https:\\\/\\\/blog.bedandbreakfast.nl\\\/eigenaren\\\/author\\\/janneke\\\/\"}]}<\/script>\n<!-- \/ Yoast SEO plugin. -->","yoast_head_json":{"title":"Bed & breakfasts in tv-programma Hallo Holland op RTL4 - Bed and Breakfast Nieuws | Blog voor B&amp;B Eigenaren","robots":{"index":"index","follow":"follow","max-snippet":"max-snippet:-1","max-image-preview":"max-image-preview:large","max-video-preview":"max-video-preview:-1"},"canonical":"https:\/\/blog.bedandbreakfast.nl\/eigenaren\/bed-breakfasts-uitgebreid-op-tv-bij-hallo-holland-op-rtl4-uitzending-gemist\/","og_locale":"nl_NL","og_type":"article","og_title":"Bed & breakfasts in tv-programma Hallo Holland op RTL4 - Bed and Breakfast Nieuws | Blog voor B&amp;B Eigenaren","og_description":"Altijd leuk als er een bed &amp; breakfast op tv komt! Het tv-programma Hallo Holland op RTL 4 besteedt in de aflevering van 10 oktober 2013 uitgebreid aandacht aan bed &amp; breakfast Hotel Hoeve de Vredenhof in het Drentse dorp Zuidlaren en aan Aquamarijn B&amp;B in de Drentse plaats Stieltjeskanaal.\u00a0","og_url":"https:\/\/blog.bedandbreakfast.nl\/eigenaren\/bed-breakfasts-uitgebreid-op-tv-bij-hallo-holland-op-rtl4-uitzending-gemist\/","og_site_name":"Bed and Breakfast Nieuws | Blog voor B&amp;B Eigenaren","article_published_time":"2013-10-14T14:17:28+00:00","article_modified_time":"2017-09-08T11:02:37+00:00","og_image":[{"url":"https://blog.bedandbreakfast.nl/wp-content\/uploads\/2013\/10\/HalloHolland.jpg","type":"","width":"","height":""}],"author":"Janneke Scheepers","twitter_misc":{"Geschreven door":"Janneke Scheepers","Geschatte leestijd":"2 minuten","Written by":"Janneke Scheepers"},"schema":{"@context":"https:\/\/schema.org","@graph":[{"@type":"Article","@id":"https:\/\/blog.bedandbreakfast.nl\/eigenaren\/bed-breakfasts-uitgebreid-op-tv-bij-hallo-holland-op-rtl4-uitzending-gemist\/#article","isPartOf":{"@id":"https:\/\/blog.bedandbreakfast.nl\/eigenaren\/bed-breakfasts-uitgebreid-op-tv-bij-hallo-holland-op-rtl4-uitzending-gemist\/"},"author":{"name":"Janneke Scheepers","@id":"https:\/\/blog.bedandbreakfast.nl\/eigenaren\/#\/schema\/person\/6dfc0dcf996a362fd829625f7265f53e"},"headline":"Bed &#038; breakfasts in tv-programma Hallo Holland op RTL4","datePublished":"2013-10-14T14:17:28+00:00","dateModified":"2017-09-08T11:02:37+00:00","mainEntityOfPage":{"@id":"https:\/\/blog.bedandbreakfast.nl\/eigenaren\/bed-breakfasts-uitgebreid-op-tv-bij-hallo-holland-op-rtl4-uitzending-gemist\/"},"wordCount":465,"commentCount":0,"image":{"@id":"https:\/\/blog.bedandbreakfast.nl\/eigenaren\/bed-breakfasts-uitgebreid-op-tv-bij-hallo-holland-op-rtl4-uitzending-gemist\/#primaryimage"},"thumbnailUrl":"https://blog.bedandbreakfast.nl/wp-content\/uploads\/2013\/10\/HalloHolland.jpg","keywords":["Aquamarijn B&amp;B","B&amp;B","bed and breakfast","bed en breakfast","hallo holland","Hans Hesseling","Hoeve de Vredenhof","Jeanette Geerlings","RTL4","Stieltjeskanaal","Zuidlaren"],"articleSection":["Algemeen","Televisie"],"inLanguage":"nl-NL","potentialAction":[{"@type":"CommentAction","name":"Comment","target":["https:\/\/blog.bedandbreakfast.nl\/eigenaren\/bed-breakfasts-uitgebreid-op-tv-bij-hallo-holland-op-rtl4-uitzending-gemist\/#respond"]}]},{"@type":"WebPage","@id":"https:\/\/blog.bedandbreakfast.nl\/eigenaren\/bed-breakfasts-uitgebreid-op-tv-bij-hallo-holland-op-rtl4-uitzending-gemist\/","url":"https:\/\/blog.bedandbreakfast.nl\/eigenaren\/bed-breakfasts-uitgebreid-op-tv-bij-hallo-holland-op-rtl4-uitzending-gemist\/","name":"Bed & breakfasts in tv-programma Hallo Holland op RTL4 - Bed and Breakfast Nieuws | Blog voor B&amp;B Eigenaren","isPartOf":{"@id":"https:\/\/blog.bedandbreakfast.nl\/eigenaren\/#website"},"primaryImageOfPage":{"@id":"https:\/\/blog.bedandbreakfast.nl\/eigenaren\/bed-breakfasts-uitgebreid-op-tv-bij-hallo-holland-op-rtl4-uitzending-gemist\/#primaryimage"},"image":{"@id":"https:\/\/blog.bedandbreakfast.nl\/eigenaren\/bed-breakfasts-uitgebreid-op-tv-bij-hallo-holland-op-rtl4-uitzending-gemist\/#primaryimage"},"thumbnailUrl":"https://blog.bedandbreakfast.nl/wp-content\/uploads\/2013\/10\/HalloHolland.jpg","datePublished":"2013-10-14T14:17:28+00:00","dateModified":"2017-09-08T11:02:37+00:00","author":{"@id":"https:\/\/blog.bedandbreakfast.nl\/eigenaren\/#\/schema\/person\/6dfc0dcf996a362fd829625f7265f53e"},"inLanguage":"nl-NL","potentialAction":[{"@type":"ReadAction","target":["https:\/\/blog.bedandbreakfast.nl\/eigenaren\/bed-breakfasts-uitgebreid-op-tv-bij-hallo-holland-op-rtl4-uitzending-gemist\/"]}]},{"@type":"ImageObject","inLanguage":"nl-NL","@id":"https:\/\/blog.bedandbreakfast.nl\/eigenaren\/bed-breakfasts-uitgebreid-op-tv-bij-hallo-holland-op-rtl4-uitzending-gemist\/#primaryimage","url":"https://blog.bedandbreakfast.nl/wp-content\/uploads\/2013\/10\/HalloHolland.jpg","contentUrl":"https://blog.bedandbreakfast.nl/wp-content\/uploads\/2013\/10\/HalloHolland.jpg"},{"@type":"WebSite","@id":"https:\/\/blog.bedandbreakfast.nl\/eigenaren\/#website","url":"https:\/\/blog.bedandbreakfast.nl\/eigenaren\/","name":"Bed and Breakfast Nieuws | Blog voor B&amp;B Eigenaren","description":"","potentialAction":[{"@type":"SearchAction","target":{"@type":"EntryPoint","urlTemplate":"https:\/\/blog.bedandbreakfast.nl\/eigenaren\/?s={search_term_string}"},"query-input":{"@type":"PropertyValueSpecification","valueRequired":true,"valueName":"search_term_string"}}],"inLanguage":"nl-NL"},{"@type":"Person","@id":"https:\/\/blog.bedandbreakfast.nl\/eigenaren\/#\/schema\/person\/6dfc0dcf996a362fd829625f7265f53e","name":"Janneke Scheepers","image":{"@type":"ImageObject","inLanguage":"nl-NL","@id":"https:\/\/secure.gravatar.com\/avatar\/0a6bacb5ed0777a84a2ec3cba709a9567f86b37d14036cca6a43feafe40d1900?s=96&d=wp_user_avatar&r=g2e7753d35cc3857a519e88499dd3797f","url":"https:\/\/secure.gravatar.com\/avatar\/0a6bacb5ed0777a84a2ec3cba709a9567f86b37d14036cca6a43feafe40d1900?s=96&d=wp_user_avatar&r=g","contentUrl":"https:\/\/secure.gravatar.com\/avatar\/0a6bacb5ed0777a84a2ec3cba709a9567f86b37d14036cca6a43feafe40d1900?s=96&d=wp_user_avatar&r=g","caption":"Janneke Scheepers"},"description":"Webredacteur bij Bedandbreakfast.eu B.V. tot februari 2016.","url":"https:\/\/blog.bedandbreakfast.nl\/eigenaren\/author\/janneke\/"}]}},"jetpack_publicize_connections":[],"jetpack_featured_media_url":"","jetpack_shortlink":"https:\/\/wp.me\/p1XIgm-1TV","jetpack_sharing_enabled":true,"_links":{"self":[{"href":"https://www.bedandbreakfast.nl/blog/eigenaren/wp-json/wp\/v2\/posts\/7311","targetHints":{"allow":["GET"]}}],"collection":[{"href":"https://www.bedandbreakfast.nl/blog/eigenaren/wp-json/wp\/v2\/posts"}],"about":[{"href":"https://www.bedandbreakfast.nl/blog/eigenaren/wp-json/wp\/v2\/types\/post"}],"author":[{"embeddable":true,"href":"https://www.bedandbreakfast.nl/blog/eigenaren/wp-json/wp\/v2\/users\/2"}],"replies":[{"embeddable":true,"href":"https://www.bedandbreakfast.nl/blog/eigenaren/wp-json/wp\/v2\/comments?post=7311"}],"version-history":[{"count":9,"href":"https://www.bedandbreakfast.nl/blog/eigenaren/wp-json/wp\/v2\/posts\/7311\/revisions"}],"predecessor-version":[{"id":13741,"href":"https://www.bedandbreakfast.nl/blog/eigenaren/wp-json/wp\/v2\/posts\/7311\/revisions\/13741"}],"wp:attachment":[{"href":"https://www.bedandbreakfast.nl/blog/eigenaren/wp-json/wp\/v2\/media?parent=7311"}],"wp:term":[{"taxonomy":"category","embeddable":true,"href":"https://www.bedandbreakfast.nl/blog/eigenaren/wp-json/wp\/v2\/categories?post=7311"},{"taxonomy":"post_tag","embeddable":true,"href":"https://www.bedandbreakfast.nl/blog/eigenaren/wp-json/wp\/v2\/tags?post=7311"},{"taxonomy":"author","embeddable":true,"href":"https://www.bedandbreakfast.nl/blog/eigenaren/wp-json/wp\/v2\/coauthors?post=7311"}],"curies":[{"name":"wp","href":"https:\/\/api.w.org\/{rel}","templated":true}]}}