{"id":8711,"date":"2014-05-09T16:54:13","date_gmt":"2014-05-09T14:54:13","guid":{"rendered":"http:\/\/blog.bedandbreakfast.nl\/eigenaren\/?p=8711"},"modified":"2017-09-08T13:54:25","modified_gmt":"2017-09-08T11:54:25","slug":"column-bed-breakfast-en-teckels","status":"publish","type":"post","link":"https:\/\/blog.bedandbreakfast.nl\/eigenaren\/column-bed-breakfast-en-teckels\/","title":{"rendered":"Column Ina Flohil: bed, breakfast en teckels"},"content":{"rendered":"<div id=\"attachment_8712\" style=\"width: 490px\" class=\"wp-caption alignnone\"><a href=\"http:\/\/www.bedandbreakfast.nl\/bed-and-breakfast-nl\/den-haag\/b-b-at-the-beach\/3478\/\" rel=\"attachment wp-att-8712\"><img loading=\"lazy\" decoding=\"async\" aria-describedby=\"caption-attachment-8712\" class=\"size-full wp-image-8712\" title=\"B&amp;B At the Beach\" src=\"http:\/\/blog.bedandbreakfast.nl\/eigenaren\/wp-content\/uploads\/2014\/05\/teckels.jpg\" alt=\"Teckels\" width=\"480\" height=\"370\" srcset=\"https:\/\/blog.bedandbreakfast.nl\/eigenaren\/wp-content\/uploads\/2014\/05\/teckels.jpg 480w, https:\/\/blog.bedandbreakfast.nl\/eigenaren\/wp-content\/uploads\/2014\/05\/teckels-300x231.jpg 300w\" sizes=\"auto, (max-width: 480px) 100vw, 480px\" \/><\/a><p id=\"caption-attachment-8712\" class=\"wp-caption-text\">Zes kleine ruwharige teckels zijn de blikvangers van B&amp;B At the Beach.<\/p><\/div>\n<p>Nadat mijn partner en ik vorig jaar besloten uit elkaar te gaan en mijn zoon ging studeren, vond ik het thuis wel erg rustig. Dus besloot ik wat leven in de brouwerij te brengen door mijn ruwharige teckel te laten dekken door een Friese kampioen. Het nestje werd op 18 maart geboren. Na twee weken kreeg de moeder helaas last van eclampsie (melkziekte), dus moest ik de pups zelf gaan voeden met rauwe geitenmelk. Zes pups, zes keer per dag! In combinatie met een vol bed &amp; breakfast en een geplande uitbreiding van \u00e9\u00e9n gastenkamer, bracht dit mij in acute tijdnood.<!--more--><\/p>\n<p><strong>Gasten schieten te hulp<\/strong><br \/>\nMijn Russische gasten waren gelukkig vol begrip. Tijdens het voorbereiden van het ontbijt namen zij het voeden over. Ook schonken ze mij een fles wodka in en gaven ze me een klein brood van minstens drie kilo &#8216;om op gewicht te blijven&#8217;. De nieuwe kamer die ternauwernood af kwam, werd betrokken door een aanklaagster van het Internationaal Strafhof. Een geschenk uit de hemel: in de ochtend en in de avond wandelde deze Sloveense voor haar plezier met mijn honden in de duinen. En zij bracht een mand vol heerlijkheden uit Itali\u00eb mee.<\/p>\n<p>Toen de pups wat ouder en drukker werden, dienden zij als de voornaamste Hollandse attractie voor het inmiddels gearriveerde Italiaanse gezin. Als dank voor het aangename verblijf schonken zij mij chocolade en zelfgemaakte pasta.\u00a0Vanochtend zwaaide ik mijn Nederlandse gasten uit. Op de tafel vond ik bloemen en een bos hondenbotjes, samengebonden met dropveters. Geweldig!<\/p>\n<div id=\"attachment_1447\" style=\"width: 140px\" class=\"wp-caption alignleft\"><a href=\"http:\/\/www.bedandbreakfast.nl\/bed-and-breakfast-nl\/den-haag\/b-b-at-the-beach\/3478\/\"><img loading=\"lazy\" decoding=\"async\" aria-describedby=\"caption-attachment-1447\" class=\"size-full wp-image-1447  \" title=\"InaColumn\" src=\"https://blog.bedandbreakfast.nl/eigenaren\/wp-content\/uploads\/2011\/08\/InaColumn.jpg\" alt=\"Ina Flohil\" width=\"130\" height=\"149\" \/><\/a><p id=\"caption-attachment-1447\" class=\"wp-caption-text\">Ina Flohil, eigenaresse B&amp;B At the Beach.<\/p><\/div>\n<p>Inmiddels hebben mijn pups de leeftijd bereikt om uit te vliegen naar hun nieuwe eigenaar. Beste B&amp;B-eigenaren: zoekt u nog een nieuwe huisgenoot en wilt u uw bed &amp; breakfast nog aantrekkelijker maken? Ik zoek nog een paar lieve baasjes. De hondjes mogen half mei naar hun nieuwe eigenaar. Ze zijn gechipt, ge\u00ebnt, hebben een paspoort en ze zijn gasten over de vloer gewend. En ik moet zeggen: nooit werd ik m\u00e9\u00e9r door mijn gasten verwend dan in de afgelopen periode.<\/p>\n<p><em> <em>Ina Flohil is eigenaresse\u00a0<\/em><em>van\u00a0<a title=\"B&amp;B At the Beach\" href=\"http:\/\/www.bedandbreakfast.nl\/bed-and-breakfast-nl\/den-haag\/bb-at-the-beach\/3478\" target=\"_blank\">B&amp;B at the Beach in Den Haag<\/a>. Zij schrijft geregeld een column over het reilen en zeilen in haar bed en breakfast voor deze blog. Reageren op haar oproep kan in het reactieveld hieronder of via haar presentatiepagina.<\/em><\/em><\/p>\n","protected":false},"excerpt":{"rendered":"<p>Nadat mijn partner en ik vorig jaar besloten uit elkaar te gaan en mijn zoon ging studeren, vond ik het thuis wel erg rustig. Dus besloot ik wat leven in de brouwerij te brengen door mijn ruwharige teckel te laten dekken door een Friese kampioen. Het nestje werd op 18 maart geboren. Na twee weken [&hellip;]<\/p>\n","protected":false},"author":4,"featured_media":0,"comment_status":"open","ping_status":"open","sticky":false,"template":"","format":"standard","meta":{"_monsterinsights_skip_tracking":false,"_monsterinsights_sitenote_active":false,"_monsterinsights_sitenote_note":"","_monsterinsights_sitenote_category":0,"jetpack_post_was_ever_published":false,"_jetpack_newsletter_access":"","_jetpack_dont_email_post_to_subs":true,"_jetpack_newsletter_tier_id":0,"_jetpack_memberships_contains_paywalled_content":false,"_jetpack_memberships_contains_paid_content":false,"footnotes":"","jetpack_publicize_message":"","jetpack_publicize_feature_enabled":true,"jetpack_social_post_already_shared":true,"jetpack_social_options":{"image_generator_settings":{"template":"highway","default_image_id":0,"font":"","enabled":false},"version":2}},"categories":[1],"tags":[7,31,118,8,67,90,727,726],"coauthors":[558],"class_list":["post-8711","post","type-post","status-publish","format-standard","hentry","category-algemeen","tag-bb","tag-bed-breakfast","tag-bed-breakfast-nederland","tag-bed-and-breakfast","tag-bed-en-breakfast","tag-column","tag-pup","tag-teckel"],"yoast_head":"<!-- This site is optimized with the Yoast SEO plugin v27.5 - https:\/\/yoast.com\/product\/yoast-seo-wordpress\/ -->\n<title>Column Ina Flohil: bed, breakfast en teckels<\/title>\n<meta name=\"description\" content=\"Beste B&amp;B-eigenaren: wilt u uw bed &amp; breakfast nog aantrekkelijker maken? Ik zoek nog een paar lieve baasjes voor 6 teckel pups.\" \/>\n<meta name=\"robots\" content=\"index, follow, max-snippet:-1, max-image-preview:large, max-video-preview:-1\" \/>\n<link rel=\"canonical\" href=\"https:\/\/blog.bedandbreakfast.nl\/eigenaren\/column-bed-breakfast-en-teckels\/\" \/>\n<meta property=\"og:locale\" content=\"nl_NL\" \/>\n<meta property=\"og:type\" content=\"article\" \/>\n<meta property=\"og:title\" content=\"Column Ina Flohil: bed, breakfast en teckels\" \/>\n<meta property=\"og:description\" content=\"Beste B&amp;B-eigenaren: wilt u uw bed &amp; breakfast nog aantrekkelijker maken? Ik zoek nog een paar lieve baasjes voor 6 teckel pups.\" \/>\n<meta property=\"og:url\" content=\"https:\/\/blog.bedandbreakfast.nl\/eigenaren\/column-bed-breakfast-en-teckels\/\" \/>\n<meta property=\"og:site_name\" content=\"Bed and Breakfast Nieuws | Blog voor B&amp;B Eigenaren\" \/>\n<meta property=\"article:published_time\" content=\"2014-05-09T14:54:13+00:00\" \/>\n<meta property=\"article:modified_time\" content=\"2017-09-08T11:54:25+00:00\" \/>\n<meta property=\"og:image\" content=\"http:\/\/blog.bedandbreakfast.nl\/eigenaren\/wp-content\/uploads\/2014\/05\/teckels.jpg\" \/>\n<meta name=\"author\" content=\"Ina Flohil\" \/>\n<meta name=\"twitter:label1\" content=\"Geschreven door\" \/>\n\t<meta name=\"twitter:data1\" content=\"Ina Flohil\" \/>\n\t<meta name=\"twitter:label2\" content=\"Geschatte leestijd\" \/>\n\t<meta name=\"twitter:data2\" content=\"2 minuten\" \/>\n\t<meta name=\"twitter:label3\" content=\"Written by\" \/>\n\t<meta name=\"twitter:data3\" content=\"Ina Flohil\" \/>\n<script type=\"application\/ld+json\" class=\"yoast-schema-graph\">{\"@context\":\"https:\\\/\\\/schema.org\",\"@graph\":[{\"@type\":\"Article\",\"@id\":\"https:\\\/\\\/blog.bedandbreakfast.nl\\\/eigenaren\\\/column-bed-breakfast-en-teckels\\\/#article\",\"isPartOf\":{\"@id\":\"https:\\\/\\\/blog.bedandbreakfast.nl\\\/eigenaren\\\/column-bed-breakfast-en-teckels\\\/\"},\"author\":{\"name\":\"Ina Flohil\",\"@id\":\"https:\\\/\\\/blog.bedandbreakfast.nl\\\/eigenaren\\\/#\\\/schema\\\/person\\\/52f5a2ee14ff475db7fb831ea7def254\"},\"headline\":\"Column Ina Flohil: bed, breakfast en teckels\",\"datePublished\":\"2014-05-09T14:54:13+00:00\",\"dateModified\":\"2017-09-08T11:54:25+00:00\",\"mainEntityOfPage\":{\"@id\":\"https:\\\/\\\/blog.bedandbreakfast.nl\\\/eigenaren\\\/column-bed-breakfast-en-teckels\\\/\"},\"wordCount\":425,\"commentCount\":1,\"image\":{\"@id\":\"https:\\\/\\\/blog.bedandbreakfast.nl\\\/eigenaren\\\/column-bed-breakfast-en-teckels\\\/#primaryimage\"},\"thumbnailUrl\":\"http:\\\/\\\/blog.bedandbreakfast.nl\\\/eigenaren\\\/wp-content\\\/uploads\\\/2014\\\/05\\\/teckels.jpg\",\"keywords\":[\"B&amp;B\",\"bed &amp; breakfast\",\"Bed &amp; Breakfast Nederland\",\"bed and breakfast\",\"bed en breakfast\",\"column\",\"pup\",\"teckel\"],\"articleSection\":[\"Algemeen\"],\"inLanguage\":\"nl-NL\",\"potentialAction\":[{\"@type\":\"CommentAction\",\"name\":\"Comment\",\"target\":[\"https:\\\/\\\/blog.bedandbreakfast.nl\\\/eigenaren\\\/column-bed-breakfast-en-teckels\\\/#respond\"]}]},{\"@type\":\"WebPage\",\"@id\":\"https:\\\/\\\/blog.bedandbreakfast.nl\\\/eigenaren\\\/column-bed-breakfast-en-teckels\\\/\",\"url\":\"https:\\\/\\\/blog.bedandbreakfast.nl\\\/eigenaren\\\/column-bed-breakfast-en-teckels\\\/\",\"name\":\"Column Ina Flohil: bed, breakfast en teckels\",\"isPartOf\":{\"@id\":\"https:\\\/\\\/blog.bedandbreakfast.nl\\\/eigenaren\\\/#website\"},\"primaryImageOfPage\":{\"@id\":\"https:\\\/\\\/blog.bedandbreakfast.nl\\\/eigenaren\\\/column-bed-breakfast-en-teckels\\\/#primaryimage\"},\"image\":{\"@id\":\"https:\\\/\\\/blog.bedandbreakfast.nl\\\/eigenaren\\\/column-bed-breakfast-en-teckels\\\/#primaryimage\"},\"thumbnailUrl\":\"http:\\\/\\\/blog.bedandbreakfast.nl\\\/eigenaren\\\/wp-content\\\/uploads\\\/2014\\\/05\\\/teckels.jpg\",\"datePublished\":\"2014-05-09T14:54:13+00:00\",\"dateModified\":\"2017-09-08T11:54:25+00:00\",\"author\":{\"@id\":\"https:\\\/\\\/blog.bedandbreakfast.nl\\\/eigenaren\\\/#\\\/schema\\\/person\\\/52f5a2ee14ff475db7fb831ea7def254\"},\"description\":\"Beste B&B-eigenaren: wilt u uw bed & breakfast nog aantrekkelijker maken? Ik zoek nog een paar lieve baasjes voor 6 teckel pups.\",\"inLanguage\":\"nl-NL\",\"potentialAction\":[{\"@type\":\"ReadAction\",\"target\":[\"https:\\\/\\\/blog.bedandbreakfast.nl\\\/eigenaren\\\/column-bed-breakfast-en-teckels\\\/\"]}]},{\"@type\":\"ImageObject\",\"inLanguage\":\"nl-NL\",\"@id\":\"https:\\\/\\\/blog.bedandbreakfast.nl\\\/eigenaren\\\/column-bed-breakfast-en-teckels\\\/#primaryimage\",\"url\":\"http:\\\/\\\/blog.bedandbreakfast.nl\\\/eigenaren\\\/wp-content\\\/uploads\\\/2014\\\/05\\\/teckels.jpg\",\"contentUrl\":\"http:\\\/\\\/blog.bedandbreakfast.nl\\\/eigenaren\\\/wp-content\\\/uploads\\\/2014\\\/05\\\/teckels.jpg\"},{\"@type\":\"WebSite\",\"@id\":\"https:\\\/\\\/blog.bedandbreakfast.nl\\\/eigenaren\\\/#website\",\"url\":\"https:\\\/\\\/blog.bedandbreakfast.nl\\\/eigenaren\\\/\",\"name\":\"Bed and Breakfast Nieuws | Blog voor B&amp;B Eigenaren\",\"description\":\"\",\"potentialAction\":[{\"@type\":\"SearchAction\",\"target\":{\"@type\":\"EntryPoint\",\"urlTemplate\":\"https:\\\/\\\/blog.bedandbreakfast.nl\\\/eigenaren\\\/?s={search_term_string}\"},\"query-input\":{\"@type\":\"PropertyValueSpecification\",\"valueRequired\":true,\"valueName\":\"search_term_string\"}}],\"inLanguage\":\"nl-NL\"},{\"@type\":\"Person\",\"@id\":\"https:\\\/\\\/blog.bedandbreakfast.nl\\\/eigenaren\\\/#\\\/schema\\\/person\\\/52f5a2ee14ff475db7fb831ea7def254\",\"name\":\"Ina Flohil\",\"image\":{\"@type\":\"ImageObject\",\"inLanguage\":\"nl-NL\",\"@id\":\"https:\\\/\\\/blog.bedandbreakfast.nl\\\/eigenaren\\\/wp-content\\\/uploads\\\/2015\\\/04\\\/avatar_bed_breakfast-96x96.pngef2353cf0cc47cef300656b25d4dac7a\",\"url\":\"https:\\\/\\\/blog.bedandbreakfast.nl\\\/eigenaren\\\/wp-content\\\/uploads\\\/2015\\\/04\\\/avatar_bed_breakfast-96x96.png\",\"contentUrl\":\"https:\\\/\\\/blog.bedandbreakfast.nl\\\/eigenaren\\\/wp-content\\\/uploads\\\/2015\\\/04\\\/avatar_bed_breakfast-96x96.png\",\"caption\":\"Ina Flohil\"},\"description\":\"Eigenaresse van B&amp;B at the Beach in Den Haag.\",\"url\":\"https:\\\/\\\/blog.bedandbreakfast.nl\\\/eigenaren\\\/author\\\/ina\\\/\"}]}<\/script>\n<!-- \/ Yoast SEO plugin. -->","yoast_head_json":{"title":"Column Ina Flohil: bed, breakfast en teckels","description":"Beste B&B-eigenaren: wilt u uw bed & breakfast nog aantrekkelijker maken? Ik zoek nog een paar lieve baasjes voor 6 teckel pups.","robots":{"index":"index","follow":"follow","max-snippet":"max-snippet:-1","max-image-preview":"max-image-preview:large","max-video-preview":"max-video-preview:-1"},"canonical":"https:\/\/blog.bedandbreakfast.nl\/eigenaren\/column-bed-breakfast-en-teckels\/","og_locale":"nl_NL","og_type":"article","og_title":"Column Ina Flohil: bed, breakfast en teckels","og_description":"Beste B&B-eigenaren: wilt u uw bed & breakfast nog aantrekkelijker maken? Ik zoek nog een paar lieve baasjes voor 6 teckel pups.","og_url":"https:\/\/blog.bedandbreakfast.nl\/eigenaren\/column-bed-breakfast-en-teckels\/","og_site_name":"Bed and Breakfast Nieuws | Blog voor B&amp;B Eigenaren","article_published_time":"2014-05-09T14:54:13+00:00","article_modified_time":"2017-09-08T11:54:25+00:00","og_image":[{"url":"http:\/\/blog.bedandbreakfast.nl\/eigenaren\/wp-content\/uploads\/2014\/05\/teckels.jpg","type":"","width":"","height":""}],"author":"Ina Flohil","twitter_misc":{"Geschreven door":"Ina Flohil","Geschatte leestijd":"2 minuten","Written by":"Ina Flohil"},"schema":{"@context":"https:\/\/schema.org","@graph":[{"@type":"Article","@id":"https:\/\/blog.bedandbreakfast.nl\/eigenaren\/column-bed-breakfast-en-teckels\/#article","isPartOf":{"@id":"https:\/\/blog.bedandbreakfast.nl\/eigenaren\/column-bed-breakfast-en-teckels\/"},"author":{"name":"Ina Flohil","@id":"https:\/\/blog.bedandbreakfast.nl\/eigenaren\/#\/schema\/person\/52f5a2ee14ff475db7fb831ea7def254"},"headline":"Column Ina Flohil: bed, breakfast en teckels","datePublished":"2014-05-09T14:54:13+00:00","dateModified":"2017-09-08T11:54:25+00:00","mainEntityOfPage":{"@id":"https:\/\/blog.bedandbreakfast.nl\/eigenaren\/column-bed-breakfast-en-teckels\/"},"wordCount":425,"commentCount":1,"image":{"@id":"https:\/\/blog.bedandbreakfast.nl\/eigenaren\/column-bed-breakfast-en-teckels\/#primaryimage"},"thumbnailUrl":"http:\/\/blog.bedandbreakfast.nl\/eigenaren\/wp-content\/uploads\/2014\/05\/teckels.jpg","keywords":["B&amp;B","bed &amp; breakfast","Bed &amp; Breakfast Nederland","bed and breakfast","bed en breakfast","column","pup","teckel"],"articleSection":["Algemeen"],"inLanguage":"nl-NL","potentialAction":[{"@type":"CommentAction","name":"Comment","target":["https:\/\/blog.bedandbreakfast.nl\/eigenaren\/column-bed-breakfast-en-teckels\/#respond"]}]},{"@type":"WebPage","@id":"https:\/\/blog.bedandbreakfast.nl\/eigenaren\/column-bed-breakfast-en-teckels\/","url":"https:\/\/blog.bedandbreakfast.nl\/eigenaren\/column-bed-breakfast-en-teckels\/","name":"Column Ina Flohil: bed, breakfast en teckels","isPartOf":{"@id":"https:\/\/blog.bedandbreakfast.nl\/eigenaren\/#website"},"primaryImageOfPage":{"@id":"https:\/\/blog.bedandbreakfast.nl\/eigenaren\/column-bed-breakfast-en-teckels\/#primaryimage"},"image":{"@id":"https:\/\/blog.bedandbreakfast.nl\/eigenaren\/column-bed-breakfast-en-teckels\/#primaryimage"},"thumbnailUrl":"http:\/\/blog.bedandbreakfast.nl\/eigenaren\/wp-content\/uploads\/2014\/05\/teckels.jpg","datePublished":"2014-05-09T14:54:13+00:00","dateModified":"2017-09-08T11:54:25+00:00","author":{"@id":"https:\/\/blog.bedandbreakfast.nl\/eigenaren\/#\/schema\/person\/52f5a2ee14ff475db7fb831ea7def254"},"description":"Beste B&B-eigenaren: wilt u uw bed & breakfast nog aantrekkelijker maken? Ik zoek nog een paar lieve baasjes voor 6 teckel pups.","inLanguage":"nl-NL","potentialAction":[{"@type":"ReadAction","target":["https:\/\/blog.bedandbreakfast.nl\/eigenaren\/column-bed-breakfast-en-teckels\/"]}]},{"@type":"ImageObject","inLanguage":"nl-NL","@id":"https:\/\/blog.bedandbreakfast.nl\/eigenaren\/column-bed-breakfast-en-teckels\/#primaryimage","url":"http:\/\/blog.bedandbreakfast.nl\/eigenaren\/wp-content\/uploads\/2014\/05\/teckels.jpg","contentUrl":"http:\/\/blog.bedandbreakfast.nl\/eigenaren\/wp-content\/uploads\/2014\/05\/teckels.jpg"},{"@type":"WebSite","@id":"https:\/\/blog.bedandbreakfast.nl\/eigenaren\/#website","url":"https:\/\/blog.bedandbreakfast.nl\/eigenaren\/","name":"Bed and Breakfast Nieuws | Blog voor B&amp;B Eigenaren","description":"","potentialAction":[{"@type":"SearchAction","target":{"@type":"EntryPoint","urlTemplate":"https:\/\/blog.bedandbreakfast.nl\/eigenaren\/?s={search_term_string}"},"query-input":{"@type":"PropertyValueSpecification","valueRequired":true,"valueName":"search_term_string"}}],"inLanguage":"nl-NL"},{"@type":"Person","@id":"https:\/\/blog.bedandbreakfast.nl\/eigenaren\/#\/schema\/person\/52f5a2ee14ff475db7fb831ea7def254","name":"Ina Flohil","image":{"@type":"ImageObject","inLanguage":"nl-NL","@id":"https:\/\/blog.bedandbreakfast.nl\/eigenaren\/wp-content\/uploads\/2015\/04\/avatar_bed_breakfast-96x96.pngef2353cf0cc47cef300656b25d4dac7a","url":"https:\/\/blog.bedandbreakfast.nl\/eigenaren\/wp-content\/uploads\/2015\/04\/avatar_bed_breakfast-96x96.png","contentUrl":"https:\/\/blog.bedandbreakfast.nl\/eigenaren\/wp-content\/uploads\/2015\/04\/avatar_bed_breakfast-96x96.png","caption":"Ina Flohil"},"description":"Eigenaresse van B&amp;B at the Beach in Den Haag.","url":"https:\/\/blog.bedandbreakfast.nl\/eigenaren\/author\/ina\/"}]}},"jetpack_publicize_connections":[],"jetpack_featured_media_url":"","jetpack_shortlink":"https:\/\/wp.me\/p1XIgm-2gv","jetpack_sharing_enabled":true,"_links":{"self":[{"href":"https://www.bedandbreakfast.nl/blog/eigenaren/wp-json/wp\/v2\/posts\/8711","targetHints":{"allow":["GET"]}}],"collection":[{"href":"https://www.bedandbreakfast.nl/blog/eigenaren/wp-json/wp\/v2\/posts"}],"about":[{"href":"https://www.bedandbreakfast.nl/blog/eigenaren/wp-json/wp\/v2\/types\/post"}],"author":[{"embeddable":true,"href":"https://www.bedandbreakfast.nl/blog/eigenaren/wp-json/wp\/v2\/users\/4"}],"replies":[{"embeddable":true,"href":"https://www.bedandbreakfast.nl/blog/eigenaren/wp-json/wp\/v2\/comments?post=8711"}],"version-history":[{"count":16,"href":"https://www.bedandbreakfast.nl/blog/eigenaren/wp-json/wp\/v2\/posts\/8711\/revisions"}],"predecessor-version":[{"id":10316,"href":"https://www.bedandbreakfast.nl/blog/eigenaren/wp-json/wp\/v2\/posts\/8711\/revisions\/10316"}],"wp:attachment":[{"href":"https://www.bedandbreakfast.nl/blog/eigenaren/wp-json/wp\/v2\/media?parent=8711"}],"wp:term":[{"taxonomy":"category","embeddable":true,"href":"https://www.bedandbreakfast.nl/blog/eigenaren/wp-json/wp\/v2\/categories?post=8711"},{"taxonomy":"post_tag","embeddable":true,"href":"https://www.bedandbreakfast.nl/blog/eigenaren/wp-json/wp\/v2\/tags?post=8711"},{"taxonomy":"author","embeddable":true,"href":"https://www.bedandbreakfast.nl/blog/eigenaren/wp-json/wp\/v2\/coauthors?post=8711"}],"curies":[{"name":"wp","href":"https:\/\/api.w.org\/{rel}","templated":true}]}}