{"id":9863,"date":"2015-01-15T15:27:32","date_gmt":"2015-01-15T14:27:32","guid":{"rendered":"http:\/\/blog.bedandbreakfast.nl\/eigenaren\/?p=9863"},"modified":"2017-09-05T14:39:39","modified_gmt":"2017-09-05T12:39:39","slug":"facebook-winactie-dit-jullie-favoriete-winterbb","status":"publish","type":"post","link":"https:\/\/blog.bedandbreakfast.nl\/eigenaren\/facebook-winactie-dit-jullie-favoriete-winterbb\/","title":{"rendered":"Facebook winactie: Dit is jullie favoriete winter-B&#038;B!"},"content":{"rendered":"<div id=\"attachment_9865\" style=\"width: 600px\" class=\"wp-caption alignnone\"><a href=\"http:\/\/blog.bedandbreakfast.nl\/eigenaren\/2015\/01\/15\/facebook-winactie-dit-jullie-favoriete-winterbb\/bb_huize_peel\/\" rel=\"attachment wp-att-9865\"><img loading=\"lazy\" decoding=\"async\" aria-describedby=\"caption-attachment-9865\" class=\"wp-image-9865 size-full\" src=\"http:\/\/blog.bedandbreakfast.nl\/eigenaren\/wp-content\/uploads\/2015\/01\/bb_huize_peel.jpg\" alt=\"bb_huize_peel\" width=\"590\" height=\"392\" srcset=\"https:\/\/blog.bedandbreakfast.nl\/eigenaren\/wp-content\/uploads\/2015\/01\/bb_huize_peel.jpg 590w, https:\/\/blog.bedandbreakfast.nl\/eigenaren\/wp-content\/uploads\/2015\/01\/bb_huize_peel-300x199.jpg 300w\" sizes=\"auto, (max-width: 590px) 100vw, 590px\" \/><\/a><p id=\"caption-attachment-9865\" class=\"wp-caption-text\">Bed &amp; Breakfast Huize Peel in Raalte heeft de meeste stemmen gekregen.<\/p><\/div>\n<p>Heb jij in december 2014 ook meegedaan aan onze <a title=\"Foto-actie Facebook\" href=\"http:\/\/blog.bedandbreakfast.nl\/eigenaren\/2014\/12\/10\/facebook-winactie-stuur-je-mooiste-kerstfoto-op\/\">foto-actie<\/a> op Facebook? In totaal hebben 1.293 B&amp;B-liefhebbers wereldwijd hun stem uitgebracht op de B&amp;B met de mooiste kerst\/winterfoto. Dit zijn de winnaars.<!--more--><\/p>\n<p><strong>Winnende foto: Huize Peel in Raalte<\/strong><br \/>\nDe winnende foto is van <a title=\"Huize Peel in Raalte\" href=\"https:\/\/www.bedandbreakfast.nl\/bed-and-breakfast-nl\/raalte\/huize-peel\/6051\/\">Huize Peel in Raalte<\/a>. Dit mooi belichte herenhuis met prachtige kerstuitstraling kreeg de meeste stemmen. Dit bed and breakfast beschikt over vier kamers in authentieke sferen.<\/p>\n<p><strong>Tweede prijs: B&amp;B Vermeesch<br \/>\n<\/strong>De foto van <a title=\"B&amp;B Vermeesch in Standdaarbuiten\" href=\"https:\/\/www.bedandbreakfast.nl\/bed-and-breakfast-nl\/standdaarbuiten\/bed-breakfast-vermeesch\/60758\/\">Bed &amp; Breakfast Vermeesch<\/a> in Standdaarbuiten toont een doorkijkje in gastenkamer \u2018Tuinzicht\u2019 met een winters tintje. Deze originele foto is tweede geworden.<\/p>\n<div id=\"attachment_9866\" style=\"width: 600px\" class=\"wp-caption alignnone\"><a href=\"https:\/\/www.bedandbreakfast.nl\/bed-and-breakfast-nl\/standdaarbuiten\/bed-breakfast-vermeesch\/60758\/\" rel=\"attachment wp-att-9866\"><img loading=\"lazy\" decoding=\"async\" aria-describedby=\"caption-attachment-9866\" class=\"wp-image-9866 size-full\" title=\"B&amp;B Vermeesch\" src=\"http:\/\/blog.bedandbreakfast.nl\/eigenaren\/wp-content\/uploads\/2015\/01\/Bed-Breakfast-Vermeesch.jpg\" alt=\"Bed and Breakfast Vermeesch\" width=\"590\" height=\"393\" srcset=\"https:\/\/blog.bedandbreakfast.nl\/eigenaren\/wp-content\/uploads\/2015\/01\/Bed-Breakfast-Vermeesch.jpg 590w, https:\/\/blog.bedandbreakfast.nl\/eigenaren\/wp-content\/uploads\/2015\/01\/Bed-Breakfast-Vermeesch-300x199.jpg 300w\" sizes=\"auto, (max-width: 590px) 100vw, 590px\" \/><\/a><p id=\"caption-attachment-9866\" class=\"wp-caption-text\">Gastenkamer &#8216;Tuinzicht&#8217; van Bed &amp; Breakfast Vermeesch sfeervol in beeld gebracht.<\/p><\/div>\n<p><strong>Derde prijs: B&amp;B La R\u00eaverie<br \/>\n<\/strong>Op de derde plaats staat B&amp;B La R\u00eaverie, een pastorie in het Belgische dorp Marilles. De eigenaren van deze B&amp;B schenken veel aandacht aan een uitgebreid ontbijt. Daarom maakten zij een foto van de sfeervolle gedekte ontbijttafel met mooie kerstdecoratie.<\/p>\n<div id=\"attachment_9867\" style=\"width: 600px\" class=\"wp-caption alignnone\"><a href=\"https:\/\/www.bedandbreakfast.eu\/bed-and-breakfast-nl\/marilles\/la-reverie\/9228\/\" rel=\"Bed and breakfast La Reverie \"><img loading=\"lazy\" decoding=\"async\" aria-describedby=\"caption-attachment-9867\" class=\"wp-image-9867 size-full\" title=\"B&amp;B La R\u00eaverie\" src=\"http:\/\/blog.bedandbreakfast.nl\/eigenaren\/wp-content\/uploads\/2015\/01\/BB_La-Reverie.jpg\" alt=\"B&amp;B La Reverie\" width=\"590\" height=\"332\" srcset=\"https:\/\/blog.bedandbreakfast.nl\/eigenaren\/wp-content\/uploads\/2015\/01\/BB_La-Reverie.jpg 590w, https:\/\/blog.bedandbreakfast.nl\/eigenaren\/wp-content\/uploads\/2015\/01\/BB_La-Reverie-300x168.jpg 300w\" sizes=\"auto, (max-width: 590px) 100vw, 590px\" \/><\/a><p id=\"caption-attachment-9867\" class=\"wp-caption-text\">Feestelijke ontbijtkamer van Bed en Breakfast La R\u00eaverie in het Belgische dorp Marilles.<\/p><\/div>\n<p><strong>Prijswinaars Facebook-winactie<br \/>\n<\/strong>Jullie hebben op Facebook massaal jullie stem uitgebracht op de mooiste winter-B&amp;B. Onder de stemmers verloten wij drie gratis weekendtrips in een bed &amp; breakfast naar keuze. Dit zijn de winnaars:<\/p>\n<ul>\n<li>Tiny van den Eerenbeemd \u2013 weekendje weg t.w.v. \u20ac 500,-<\/li>\n<li>Lorena Pigliacampo \u2013 weekendje weg t.w.v. \u20ac 250,-<\/li>\n<li>Michelle Johnston \u2013 weekendje weg t.w.v. \u20ac 100,-.<\/li>\n<\/ul>\n<p>B&amp;B Huize Peel, Bed &amp; Breakfast Vermeesch en B&amp;B La R\u00eaverie winnen ook ieder een gratis weekendtrip ter waarde van respectievelijk \u20ac 500,-, \u20ac 250 en \u20ac 100,-.<\/p>\n<p><strong>Dank voor jullie deelname!<br \/>\n<\/strong>Alle winnaars gefeliciteerd met jullie prijzen. We bedanken alle bed en breakfasts en Facebook-volgers voor de deelname aan deze actie! Blijf onze <a title=\"Facebook pagina Bedandbreakfast.nl\" href=\"https:\/\/www.facebook.com\/BedandbreakfastNL\">Facebook-pagina<\/a> in de gaten houden voor nieuwe acties, wie weet ga jij er de volgende keer met de winst vandoor!<\/p>\n","protected":false},"excerpt":{"rendered":"<p>Heb jij in december 2014 ook meegedaan aan onze foto-actie op Facebook? In totaal hebben 1.293 B&amp;B-liefhebbers wereldwijd hun stem uitgebracht op de B&amp;B met de mooiste kerst\/winterfoto. Dit zijn de winnaars.<\/p>\n","protected":false},"author":12,"featured_media":9865,"comment_status":"open","ping_status":"open","sticky":false,"template":"","format":"standard","meta":{"_monsterinsights_skip_tracking":false,"_monsterinsights_sitenote_active":false,"_monsterinsights_sitenote_note":"","_monsterinsights_sitenote_category":0,"jetpack_post_was_ever_published":false,"_jetpack_newsletter_access":"","_jetpack_dont_email_post_to_subs":true,"_jetpack_newsletter_tier_id":0,"_jetpack_memberships_contains_paywalled_content":false,"_jetpack_memberships_contains_paid_content":false,"footnotes":"","jetpack_publicize_message":"","jetpack_publicize_feature_enabled":true,"jetpack_social_post_already_shared":true,"jetpack_social_options":{"image_generator_settings":{"template":"highway","default_image_id":0,"font":"","enabled":false},"version":2}},"categories":[1],"tags":[702],"coauthors":[704],"class_list":["post-9863","post","type-post","status-publish","format-standard","has-post-thumbnail","hentry","category-algemeen","tag-nieuws_jan_2015_top"],"yoast_head":"<!-- This site is optimized with the Yoast SEO plugin v27.5 - https:\/\/yoast.com\/product\/yoast-seo-wordpress\/ -->\n<title>Facebook winactie: Dit is jullie favoriete winter-B&amp;B!<\/title>\n<meta name=\"description\" content=\"Heb jij ook meegedaan aan onze bed and breakafst foto-actie op Facebook? Dit zijn de 3 B&amp;B&#039;s met de mooiste kerstfoto&#039;s.\" \/>\n<meta name=\"robots\" content=\"index, follow, max-snippet:-1, max-image-preview:large, max-video-preview:-1\" \/>\n<link rel=\"canonical\" href=\"https:\/\/blog.bedandbreakfast.nl\/eigenaren\/facebook-winactie-dit-jullie-favoriete-winterbb\/\" \/>\n<meta property=\"og:locale\" content=\"nl_NL\" \/>\n<meta property=\"og:type\" content=\"article\" \/>\n<meta property=\"og:title\" content=\"Facebook winactie: Dit is jullie favoriete winter-B&amp;B!\" \/>\n<meta property=\"og:description\" content=\"Heb jij ook meegedaan aan onze bed and breakafst foto-actie op Facebook? Dit zijn de 3 B&amp;B&#039;s met de mooiste kerstfoto&#039;s.\" \/>\n<meta property=\"og:url\" content=\"https:\/\/blog.bedandbreakfast.nl\/eigenaren\/facebook-winactie-dit-jullie-favoriete-winterbb\/\" \/>\n<meta property=\"og:site_name\" content=\"Bed and Breakfast Nieuws | Blog voor B&amp;B Eigenaren\" \/>\n<meta property=\"article:published_time\" content=\"2015-01-15T14:27:32+00:00\" \/>\n<meta property=\"article:modified_time\" content=\"2017-09-05T12:39:39+00:00\" \/>\n<meta property=\"og:image\" content=\"https:\/\/blog.bedandbreakfast.nl\/eigenaren\/wp-content\/uploads\/2015\/01\/bb_huize_peel.jpg\" \/>\n\t<meta property=\"og:image:width\" content=\"590\" \/>\n\t<meta property=\"og:image:height\" content=\"392\" \/>\n\t<meta property=\"og:image:type\" content=\"image\/jpeg\" \/>\n<meta name=\"author\" content=\"Inge Dani\u00ebls\" \/>\n<meta name=\"twitter:label1\" content=\"Geschreven door\" \/>\n\t<meta name=\"twitter:data1\" content=\"Inge Dani\u00ebls\" \/>\n\t<meta name=\"twitter:label2\" content=\"Geschatte leestijd\" \/>\n\t<meta name=\"twitter:data2\" content=\"2 minuten\" \/>\n\t<meta name=\"twitter:label3\" content=\"Written by\" \/>\n\t<meta name=\"twitter:data3\" content=\"Inge Dani\u00ebls\" \/>\n<script type=\"application\/ld+json\" class=\"yoast-schema-graph\">{\"@context\":\"https:\\\/\\\/schema.org\",\"@graph\":[{\"@type\":\"Article\",\"@id\":\"https:\\\/\\\/blog.bedandbreakfast.nl\\\/eigenaren\\\/facebook-winactie-dit-jullie-favoriete-winterbb\\\/#article\",\"isPartOf\":{\"@id\":\"https:\\\/\\\/blog.bedandbreakfast.nl\\\/eigenaren\\\/facebook-winactie-dit-jullie-favoriete-winterbb\\\/\"},\"author\":{\"name\":\"Inge Dani\u00ebls\",\"@id\":\"https:\\\/\\\/blog.bedandbreakfast.nl\\\/eigenaren\\\/#\\\/schema\\\/person\\\/5ca8b7ae426ef0500aaa246e3a8cb856\"},\"headline\":\"Facebook winactie: Dit is jullie favoriete winter-B&#038;B!\",\"datePublished\":\"2015-01-15T14:27:32+00:00\",\"dateModified\":\"2017-09-05T12:39:39+00:00\",\"mainEntityOfPage\":{\"@id\":\"https:\\\/\\\/blog.bedandbreakfast.nl\\\/eigenaren\\\/facebook-winactie-dit-jullie-favoriete-winterbb\\\/\"},\"wordCount\":358,\"commentCount\":0,\"image\":{\"@id\":\"https:\\\/\\\/blog.bedandbreakfast.nl\\\/eigenaren\\\/facebook-winactie-dit-jullie-favoriete-winterbb\\\/#primaryimage\"},\"thumbnailUrl\":\"https:\\\/\\\/blog.bedandbreakfast.nl\\\/eigenaren\\\/wp-content\\\/uploads\\\/2015\\\/01\\\/bb_huize_peel.jpg\",\"keywords\":[\"nieuws_jan_2015_top\"],\"articleSection\":[\"Algemeen\"],\"inLanguage\":\"nl-NL\",\"potentialAction\":[{\"@type\":\"CommentAction\",\"name\":\"Comment\",\"target\":[\"https:\\\/\\\/blog.bedandbreakfast.nl\\\/eigenaren\\\/facebook-winactie-dit-jullie-favoriete-winterbb\\\/#respond\"]}]},{\"@type\":\"WebPage\",\"@id\":\"https:\\\/\\\/blog.bedandbreakfast.nl\\\/eigenaren\\\/facebook-winactie-dit-jullie-favoriete-winterbb\\\/\",\"url\":\"https:\\\/\\\/blog.bedandbreakfast.nl\\\/eigenaren\\\/facebook-winactie-dit-jullie-favoriete-winterbb\\\/\",\"name\":\"Facebook winactie: Dit is jullie favoriete winter-B&B!\",\"isPartOf\":{\"@id\":\"https:\\\/\\\/blog.bedandbreakfast.nl\\\/eigenaren\\\/#website\"},\"primaryImageOfPage\":{\"@id\":\"https:\\\/\\\/blog.bedandbreakfast.nl\\\/eigenaren\\\/facebook-winactie-dit-jullie-favoriete-winterbb\\\/#primaryimage\"},\"image\":{\"@id\":\"https:\\\/\\\/blog.bedandbreakfast.nl\\\/eigenaren\\\/facebook-winactie-dit-jullie-favoriete-winterbb\\\/#primaryimage\"},\"thumbnailUrl\":\"https:\\\/\\\/blog.bedandbreakfast.nl\\\/eigenaren\\\/wp-content\\\/uploads\\\/2015\\\/01\\\/bb_huize_peel.jpg\",\"datePublished\":\"2015-01-15T14:27:32+00:00\",\"dateModified\":\"2017-09-05T12:39:39+00:00\",\"author\":{\"@id\":\"https:\\\/\\\/blog.bedandbreakfast.nl\\\/eigenaren\\\/#\\\/schema\\\/person\\\/5ca8b7ae426ef0500aaa246e3a8cb856\"},\"description\":\"Heb jij ook meegedaan aan onze bed and breakafst foto-actie op Facebook? Dit zijn de 3 B&B's met de mooiste kerstfoto's.\",\"inLanguage\":\"nl-NL\",\"potentialAction\":[{\"@type\":\"ReadAction\",\"target\":[\"https:\\\/\\\/blog.bedandbreakfast.nl\\\/eigenaren\\\/facebook-winactie-dit-jullie-favoriete-winterbb\\\/\"]}]},{\"@type\":\"ImageObject\",\"inLanguage\":\"nl-NL\",\"@id\":\"https:\\\/\\\/blog.bedandbreakfast.nl\\\/eigenaren\\\/facebook-winactie-dit-jullie-favoriete-winterbb\\\/#primaryimage\",\"url\":\"https:\\\/\\\/blog.bedandbreakfast.nl\\\/eigenaren\\\/wp-content\\\/uploads\\\/2015\\\/01\\\/bb_huize_peel.jpg\",\"contentUrl\":\"https:\\\/\\\/blog.bedandbreakfast.nl\\\/eigenaren\\\/wp-content\\\/uploads\\\/2015\\\/01\\\/bb_huize_peel.jpg\",\"width\":590,\"height\":392},{\"@type\":\"WebSite\",\"@id\":\"https:\\\/\\\/blog.bedandbreakfast.nl\\\/eigenaren\\\/#website\",\"url\":\"https:\\\/\\\/blog.bedandbreakfast.nl\\\/eigenaren\\\/\",\"name\":\"Bed and Breakfast Nieuws | Blog voor B&amp;B Eigenaren\",\"description\":\"\",\"potentialAction\":[{\"@type\":\"SearchAction\",\"target\":{\"@type\":\"EntryPoint\",\"urlTemplate\":\"https:\\\/\\\/blog.bedandbreakfast.nl\\\/eigenaren\\\/?s={search_term_string}\"},\"query-input\":{\"@type\":\"PropertyValueSpecification\",\"valueRequired\":true,\"valueName\":\"search_term_string\"}}],\"inLanguage\":\"nl-NL\"},{\"@type\":\"Person\",\"@id\":\"https:\\\/\\\/blog.bedandbreakfast.nl\\\/eigenaren\\\/#\\\/schema\\\/person\\\/5ca8b7ae426ef0500aaa246e3a8cb856\",\"name\":\"Inge Dani\u00ebls\",\"image\":{\"@type\":\"ImageObject\",\"inLanguage\":\"nl-NL\",\"@id\":\"https:\\\/\\\/blog.bedandbreakfast.nl\\\/eigenaren\\\/wp-content\\\/uploads\\\/2017\\\/11\\\/BB67763-96x96.jpg50b34675fad7697a61541230904991eb\",\"url\":\"https:\\\/\\\/blog.bedandbreakfast.nl\\\/eigenaren\\\/wp-content\\\/uploads\\\/2017\\\/11\\\/BB67763-96x96.jpg\",\"contentUrl\":\"https:\\\/\\\/blog.bedandbreakfast.nl\\\/eigenaren\\\/wp-content\\\/uploads\\\/2017\\\/11\\\/BB67763-96x96.jpg\",\"caption\":\"Inge Dani\u00ebls\"},\"description\":\"Marketing &amp; Webcare Medewerker bij Bedandbreakfast.eu B.V. tot augustus 2019.\",\"url\":\"https:\\\/\\\/blog.bedandbreakfast.nl\\\/eigenaren\\\/author\\\/inge\\\/\"}]}<\/script>\n<!-- \/ Yoast SEO plugin. -->","yoast_head_json":{"title":"Facebook winactie: Dit is jullie favoriete winter-B&B!","description":"Heb jij ook meegedaan aan onze bed and breakafst foto-actie op Facebook? Dit zijn de 3 B&B's met de mooiste kerstfoto's.","robots":{"index":"index","follow":"follow","max-snippet":"max-snippet:-1","max-image-preview":"max-image-preview:large","max-video-preview":"max-video-preview:-1"},"canonical":"https:\/\/blog.bedandbreakfast.nl\/eigenaren\/facebook-winactie-dit-jullie-favoriete-winterbb\/","og_locale":"nl_NL","og_type":"article","og_title":"Facebook winactie: Dit is jullie favoriete winter-B&B!","og_description":"Heb jij ook meegedaan aan onze bed and breakafst foto-actie op Facebook? Dit zijn de 3 B&B's met de mooiste kerstfoto's.","og_url":"https:\/\/blog.bedandbreakfast.nl\/eigenaren\/facebook-winactie-dit-jullie-favoriete-winterbb\/","og_site_name":"Bed and Breakfast Nieuws | Blog voor B&amp;B Eigenaren","article_published_time":"2015-01-15T14:27:32+00:00","article_modified_time":"2017-09-05T12:39:39+00:00","og_image":[{"width":590,"height":392,"url":"https:\/\/blog.bedandbreakfast.nl\/eigenaren\/wp-content\/uploads\/2015\/01\/bb_huize_peel.jpg","type":"image\/jpeg"}],"author":"Inge Dani\u00ebls","twitter_misc":{"Geschreven door":"Inge Dani\u00ebls","Geschatte leestijd":"2 minuten","Written by":"Inge Dani\u00ebls"},"schema":{"@context":"https:\/\/schema.org","@graph":[{"@type":"Article","@id":"https:\/\/blog.bedandbreakfast.nl\/eigenaren\/facebook-winactie-dit-jullie-favoriete-winterbb\/#article","isPartOf":{"@id":"https:\/\/blog.bedandbreakfast.nl\/eigenaren\/facebook-winactie-dit-jullie-favoriete-winterbb\/"},"author":{"name":"Inge Dani\u00ebls","@id":"https:\/\/blog.bedandbreakfast.nl\/eigenaren\/#\/schema\/person\/5ca8b7ae426ef0500aaa246e3a8cb856"},"headline":"Facebook winactie: Dit is jullie favoriete winter-B&#038;B!","datePublished":"2015-01-15T14:27:32+00:00","dateModified":"2017-09-05T12:39:39+00:00","mainEntityOfPage":{"@id":"https:\/\/blog.bedandbreakfast.nl\/eigenaren\/facebook-winactie-dit-jullie-favoriete-winterbb\/"},"wordCount":358,"commentCount":0,"image":{"@id":"https:\/\/blog.bedandbreakfast.nl\/eigenaren\/facebook-winactie-dit-jullie-favoriete-winterbb\/#primaryimage"},"thumbnailUrl":"https:\/\/blog.bedandbreakfast.nl\/eigenaren\/wp-content\/uploads\/2015\/01\/bb_huize_peel.jpg","keywords":["nieuws_jan_2015_top"],"articleSection":["Algemeen"],"inLanguage":"nl-NL","potentialAction":[{"@type":"CommentAction","name":"Comment","target":["https:\/\/blog.bedandbreakfast.nl\/eigenaren\/facebook-winactie-dit-jullie-favoriete-winterbb\/#respond"]}]},{"@type":"WebPage","@id":"https:\/\/blog.bedandbreakfast.nl\/eigenaren\/facebook-winactie-dit-jullie-favoriete-winterbb\/","url":"https:\/\/blog.bedandbreakfast.nl\/eigenaren\/facebook-winactie-dit-jullie-favoriete-winterbb\/","name":"Facebook winactie: Dit is jullie favoriete winter-B&B!","isPartOf":{"@id":"https:\/\/blog.bedandbreakfast.nl\/eigenaren\/#website"},"primaryImageOfPage":{"@id":"https:\/\/blog.bedandbreakfast.nl\/eigenaren\/facebook-winactie-dit-jullie-favoriete-winterbb\/#primaryimage"},"image":{"@id":"https:\/\/blog.bedandbreakfast.nl\/eigenaren\/facebook-winactie-dit-jullie-favoriete-winterbb\/#primaryimage"},"thumbnailUrl":"https:\/\/blog.bedandbreakfast.nl\/eigenaren\/wp-content\/uploads\/2015\/01\/bb_huize_peel.jpg","datePublished":"2015-01-15T14:27:32+00:00","dateModified":"2017-09-05T12:39:39+00:00","author":{"@id":"https:\/\/blog.bedandbreakfast.nl\/eigenaren\/#\/schema\/person\/5ca8b7ae426ef0500aaa246e3a8cb856"},"description":"Heb jij ook meegedaan aan onze bed and breakafst foto-actie op Facebook? Dit zijn de 3 B&B's met de mooiste kerstfoto's.","inLanguage":"nl-NL","potentialAction":[{"@type":"ReadAction","target":["https:\/\/blog.bedandbreakfast.nl\/eigenaren\/facebook-winactie-dit-jullie-favoriete-winterbb\/"]}]},{"@type":"ImageObject","inLanguage":"nl-NL","@id":"https:\/\/blog.bedandbreakfast.nl\/eigenaren\/facebook-winactie-dit-jullie-favoriete-winterbb\/#primaryimage","url":"https:\/\/blog.bedandbreakfast.nl\/eigenaren\/wp-content\/uploads\/2015\/01\/bb_huize_peel.jpg","contentUrl":"https:\/\/blog.bedandbreakfast.nl\/eigenaren\/wp-content\/uploads\/2015\/01\/bb_huize_peel.jpg","width":590,"height":392},{"@type":"WebSite","@id":"https:\/\/blog.bedandbreakfast.nl\/eigenaren\/#website","url":"https:\/\/blog.bedandbreakfast.nl\/eigenaren\/","name":"Bed and Breakfast Nieuws | Blog voor B&amp;B Eigenaren","description":"","potentialAction":[{"@type":"SearchAction","target":{"@type":"EntryPoint","urlTemplate":"https:\/\/blog.bedandbreakfast.nl\/eigenaren\/?s={search_term_string}"},"query-input":{"@type":"PropertyValueSpecification","valueRequired":true,"valueName":"search_term_string"}}],"inLanguage":"nl-NL"},{"@type":"Person","@id":"https:\/\/blog.bedandbreakfast.nl\/eigenaren\/#\/schema\/person\/5ca8b7ae426ef0500aaa246e3a8cb856","name":"Inge Dani\u00ebls","image":{"@type":"ImageObject","inLanguage":"nl-NL","@id":"https:\/\/blog.bedandbreakfast.nl\/eigenaren\/wp-content\/uploads\/2017\/11\/BB67763-96x96.jpg50b34675fad7697a61541230904991eb","url":"https:\/\/blog.bedandbreakfast.nl\/eigenaren\/wp-content\/uploads\/2017\/11\/BB67763-96x96.jpg","contentUrl":"https:\/\/blog.bedandbreakfast.nl\/eigenaren\/wp-content\/uploads\/2017\/11\/BB67763-96x96.jpg","caption":"Inge Dani\u00ebls"},"description":"Marketing &amp; Webcare Medewerker bij Bedandbreakfast.eu B.V. tot augustus 2019.","url":"https:\/\/blog.bedandbreakfast.nl\/eigenaren\/author\/inge\/"}]}},"jetpack_publicize_connections":[],"jetpack_featured_media_url":"https:\/\/blog.bedandbreakfast.nl\/eigenaren\/wp-content\/uploads\/2015\/01\/bb_huize_peel.jpg","jetpack_shortlink":"https:\/\/wp.me\/p1XIgm-2z5","jetpack_sharing_enabled":true,"_links":{"self":[{"href":"https://www.bedandbreakfast.nl/blog/eigenaren/wp-json/wp\/v2\/posts\/9863","targetHints":{"allow":["GET"]}}],"collection":[{"href":"https://www.bedandbreakfast.nl/blog/eigenaren/wp-json/wp\/v2\/posts"}],"about":[{"href":"https://www.bedandbreakfast.nl/blog/eigenaren/wp-json/wp\/v2\/types\/post"}],"author":[{"embeddable":true,"href":"https://www.bedandbreakfast.nl/blog/eigenaren/wp-json/wp\/v2\/users\/12"}],"replies":[{"embeddable":true,"href":"https://www.bedandbreakfast.nl/blog/eigenaren/wp-json/wp\/v2\/comments?post=9863"}],"version-history":[{"count":17,"href":"https://www.bedandbreakfast.nl/blog/eigenaren/wp-json/wp\/v2\/posts\/9863\/revisions"}],"predecessor-version":[{"id":11406,"href":"https://www.bedandbreakfast.nl/blog/eigenaren/wp-json/wp\/v2\/posts\/9863\/revisions\/11406"}],"wp:featuredmedia":[{"embeddable":true,"href":"https://www.bedandbreakfast.nl/blog/eigenaren/wp-json/wp\/v2\/media\/9865"}],"wp:attachment":[{"href":"https://www.bedandbreakfast.nl/blog/eigenaren/wp-json/wp\/v2\/media?parent=9863"}],"wp:term":[{"taxonomy":"category","embeddable":true,"href":"https://www.bedandbreakfast.nl/blog/eigenaren/wp-json/wp\/v2\/categories?post=9863"},{"taxonomy":"post_tag","embeddable":true,"href":"https://www.bedandbreakfast.nl/blog/eigenaren/wp-json/wp\/v2\/tags?post=9863"},{"taxonomy":"author","embeddable":true,"href":"https://www.bedandbreakfast.nl/blog/eigenaren/wp-json/wp\/v2\/coauthors?post=9863"}],"curies":[{"name":"wp","href":"https:\/\/api.w.org\/{rel}","templated":true}]}}