{"id":16648,"date":"2017-05-23T13:47:48","date_gmt":"2017-05-23T11:47:48","guid":{"rendered":"http:\/\/blog.bedandbreakfast.nl\/?p=16648"},"modified":"2017-05-23T13:47:48","modified_gmt":"2017-05-23T11:47:48","slug":"uitzending-gemist-aflevering-2-bed-en-breakfast-omroep-max","status":"publish","type":"post","link":"https:\/\/blog.bedandbreakfast.nl\/uitzending-gemist-aflevering-2-bed-en-breakfast-omroep-max\/","title":{"rendered":"Uitzending Gemist: aflevering 2 &#8216;Bed en Breakfast&#8217; bij Omroep Max"},"content":{"rendered":"<p>Afgelopen zondag 21 mei kon je kijken naar de tweede aflevering van &#8216;Bed en Breakfast&#8217; bij Omroep Max op NPO1. De B&amp;B-eigenaren gaven weer een kijkje in hun bed &amp; breakfast en namen de gasten mee op een lokaal uitje. De stellen gingen dit keer voor het eerst over de landsgrenzen en bezochten de sprookjesachtige B&amp;B van Fr\u00e9d\u00e9r\u00edc\u00a0in Antwerpen, daar hoorde een toepasselijk uitje bij geheel in stijl van de bed &amp; breakfast. Nieuwsgierig geworden? Bekijk dan de aflevering terug via <a href=\"https:\/\/www.npo.nl\/bed-breakfast\/21-05-2017\/POW_03522456\" target=\"_blank\" rel=\"noopener noreferrer\">Uitzending Gemist<\/a>.<\/p>\n<div id=\"attachment_16649\" style=\"width: 707px\" class=\"wp-caption alignnone\"><a href=\"https:\/\/www.npo.nl\/bed-breakfast\/21-05-2017\/POW_03522456\" target=\"_blank\" rel=\"noopener noreferrer\"><img loading=\"lazy\" decoding=\"async\" aria-describedby=\"caption-attachment-16649\" class=\"wp-image-16649 size-full\" src=\"https:\/\/blog.bedandbreakfast.nl\/wp-content\/uploads\/2017\/05\/Aflevering-2-Omroep-Max.png\" alt=\"Uitzending Gemist Bed en Breakfast Omroep Max\" width=\"697\" height=\"471\" srcset=\"https:\/\/blog.bedandbreakfast.nl\/wp-content\/uploads\/2017\/05\/Aflevering-2-Omroep-Max.png 697w, https:\/\/blog.bedandbreakfast.nl\/wp-content\/uploads\/2017\/05\/Aflevering-2-Omroep-Max-300x203.png 300w\" sizes=\"auto, (max-width: 697px) 100vw, 697px\" \/><\/a><p id=\"caption-attachment-16649\" class=\"wp-caption-text\">De deelnemers van Aflevering 2 &#8216;Bed en Breakfast&#8217; bij Omroep Max.<\/p><\/div>\n<p>De Antwerpse B&amp;B kwam als winnaar uit de bus, de B&amp;B-eigenaar Fr\u00e9d\u00e9r\u00edc kreeg van de andere gasten 110% van de vraagprijs, zij waren lovend over de B&amp;B kamers van deze bed en breakfast. De B&amp;B van Ans en Peter in Chaam krijgt 109% van de vraagprijs. Alie en Leo eindigen met hun vorstelijke <a href=\"https:\/\/www.bedandbreakfast.nl\/bed-and-breakfast-nl\/maastricht\/artagnan\/68520\/\" target=\"_blank\" rel=\"noopener noreferrer\">Artagnan B&amp;B<\/a> als derde met 104% van de vraagprijs.<\/p>\n<p>Welke B&amp;B vind jij de\u00a0beste? Kijk de aflevering terug via <a href=\"https:\/\/www.npo.nl\/bed-breakfast\/21-05-2017\/POW_03522456\" target=\"_blank\" rel=\"noopener noreferrer\">Uitzending Gemist<\/a>.<\/p>\n","protected":false},"excerpt":{"rendered":"<p>Afgelopen zondag keken er ruim 2,6 miljoen kijkers naar het programma &#8216;Bed en Breakfast&#8217; van Omroep Max, het programma blijft ongekend populair. Heb jij het gemist afgelopen zondag, kijk de aflevering dan snel terug via <a href=\"https:\/\/www.npo.nl\/bed-breakfast\/21-05-2017\/POW_03522456\" target=\"_blank\">Uitzending Gemist<\/a>. <\/p>\n","protected":false},"author":7,"featured_media":16649,"comment_status":"open","ping_status":"open","sticky":false,"template":"","format":"standard","meta":{"_monsterinsights_skip_tracking":false,"_monsterinsights_sitenote_active":false,"_monsterinsights_sitenote_note":"","_monsterinsights_sitenote_category":0,"footnotes":""},"categories":[1],"tags":[],"coauthors":[530],"class_list":["post-16648","post","type-post","status-publish","format-standard","has-post-thumbnail","hentry","category-algemeen"],"yoast_head":"<!-- This site is optimized with the Yoast SEO plugin v27.5 - https:\/\/yoast.com\/product\/yoast-seo-wordpress\/ -->\n<title>Uitzending Gemist: aflevering 2 &#039;Bed en Breakfast&#039; bij Omroep Max - Bed and Breakfast Blog | Inspirerende Bestemmingen en Unieke B&amp;B&#039;s<\/title>\n<meta name=\"description\" content=\"Ruim 2,6 miljoen kijkers zagen zondag de 2e aflevering &#039;Bed en Breakfast&#039; bij Omroep Max. Heb jij het gemist? Kijk dan snel terug via Uitzending Gemist.\" \/>\n<meta name=\"robots\" content=\"index, follow, max-snippet:-1, max-image-preview:large, max-video-preview:-1\" \/>\n<link rel=\"canonical\" href=\"https:\/\/blog.bedandbreakfast.nl\/uitzending-gemist-aflevering-2-bed-en-breakfast-omroep-max\/\" \/>\n<meta property=\"og:locale\" content=\"nl_NL\" \/>\n<meta property=\"og:type\" content=\"article\" \/>\n<meta property=\"og:title\" content=\"Uitzending Gemist: aflevering 2 &#039;Bed en Breakfast&#039; bij Omroep Max - Bed and Breakfast Blog | Inspirerende Bestemmingen en Unieke B&amp;B&#039;s\" \/>\n<meta property=\"og:description\" content=\"Ruim 2,6 miljoen kijkers zagen zondag de 2e aflevering &#039;Bed en Breakfast&#039; bij Omroep Max. Heb jij het gemist? Kijk dan snel terug via Uitzending Gemist.\" \/>\n<meta property=\"og:url\" content=\"https:\/\/blog.bedandbreakfast.nl\/uitzending-gemist-aflevering-2-bed-en-breakfast-omroep-max\/\" \/>\n<meta property=\"og:site_name\" content=\"Bed and Breakfast Blog | Inspirerende Bestemmingen en Unieke B&amp;B&#039;s\" \/>\n<meta property=\"article:published_time\" content=\"2017-05-23T11:47:48+00:00\" \/>\n<meta property=\"og:image\" content=\"https:\/\/blog.bedandbreakfast.nl\/wp-content\/uploads\/2017\/05\/Aflevering-2-Omroep-Max.png\" \/>\n\t<meta property=\"og:image:width\" content=\"697\" \/>\n\t<meta property=\"og:image:height\" content=\"471\" \/>\n\t<meta property=\"og:image:type\" content=\"image\/png\" \/>\n<meta name=\"author\" content=\"Rianne van de Pas\" \/>\n<meta name=\"twitter:label1\" content=\"Geschreven door\" \/>\n\t<meta name=\"twitter:data1\" content=\"Rianne van de Pas\" \/>\n\t<meta name=\"twitter:label2\" content=\"Geschatte leestijd\" \/>\n\t<meta name=\"twitter:data2\" content=\"1 minuut\" \/>\n\t<meta name=\"twitter:label3\" content=\"Written by\" \/>\n\t<meta name=\"twitter:data3\" content=\"Rianne van de Pas\" \/>\n<script type=\"application\/ld+json\" class=\"yoast-schema-graph\">{\"@context\":\"https:\\\/\\\/schema.org\",\"@graph\":[{\"@type\":\"Article\",\"@id\":\"https:\\\/\\\/blog.bedandbreakfast.nl\\\/uitzending-gemist-aflevering-2-bed-en-breakfast-omroep-max\\\/#article\",\"isPartOf\":{\"@id\":\"https:\\\/\\\/blog.bedandbreakfast.nl\\\/uitzending-gemist-aflevering-2-bed-en-breakfast-omroep-max\\\/\"},\"author\":{\"name\":\"Rianne van de Pas\",\"@id\":\"https:\\\/\\\/blog.bedandbreakfast.nl\\\/#\\\/schema\\\/person\\\/22e22d4c7a22d1938c83ace037cfc886\"},\"headline\":\"Uitzending Gemist: aflevering 2 &#8216;Bed en Breakfast&#8217; bij Omroep Max\",\"datePublished\":\"2017-05-23T11:47:48+00:00\",\"mainEntityOfPage\":{\"@id\":\"https:\\\/\\\/blog.bedandbreakfast.nl\\\/uitzending-gemist-aflevering-2-bed-en-breakfast-omroep-max\\\/\"},\"wordCount\":203,\"commentCount\":0,\"image\":{\"@id\":\"https:\\\/\\\/blog.bedandbreakfast.nl\\\/uitzending-gemist-aflevering-2-bed-en-breakfast-omroep-max\\\/#primaryimage\"},\"thumbnailUrl\":\"https:\\\/\\\/blog.bedandbreakfast.nl\\\/wp-content\\\/uploads\\\/2017\\\/05\\\/Aflevering-2-Omroep-Max.png\",\"articleSection\":[\"Algemeen\"],\"inLanguage\":\"nl-NL\",\"potentialAction\":[{\"@type\":\"CommentAction\",\"name\":\"Comment\",\"target\":[\"https:\\\/\\\/blog.bedandbreakfast.nl\\\/uitzending-gemist-aflevering-2-bed-en-breakfast-omroep-max\\\/#respond\"]}]},{\"@type\":\"WebPage\",\"@id\":\"https:\\\/\\\/blog.bedandbreakfast.nl\\\/uitzending-gemist-aflevering-2-bed-en-breakfast-omroep-max\\\/\",\"url\":\"https:\\\/\\\/blog.bedandbreakfast.nl\\\/uitzending-gemist-aflevering-2-bed-en-breakfast-omroep-max\\\/\",\"name\":\"Uitzending Gemist: aflevering 2 'Bed en Breakfast' bij Omroep Max - Bed and Breakfast Blog | Inspirerende Bestemmingen en Unieke B&amp;B&#039;s\",\"isPartOf\":{\"@id\":\"https:\\\/\\\/blog.bedandbreakfast.nl\\\/#website\"},\"primaryImageOfPage\":{\"@id\":\"https:\\\/\\\/blog.bedandbreakfast.nl\\\/uitzending-gemist-aflevering-2-bed-en-breakfast-omroep-max\\\/#primaryimage\"},\"image\":{\"@id\":\"https:\\\/\\\/blog.bedandbreakfast.nl\\\/uitzending-gemist-aflevering-2-bed-en-breakfast-omroep-max\\\/#primaryimage\"},\"thumbnailUrl\":\"https:\\\/\\\/blog.bedandbreakfast.nl\\\/wp-content\\\/uploads\\\/2017\\\/05\\\/Aflevering-2-Omroep-Max.png\",\"datePublished\":\"2017-05-23T11:47:48+00:00\",\"author\":{\"@id\":\"https:\\\/\\\/blog.bedandbreakfast.nl\\\/#\\\/schema\\\/person\\\/22e22d4c7a22d1938c83ace037cfc886\"},\"description\":\"Ruim 2,6 miljoen kijkers zagen zondag de 2e aflevering 'Bed en Breakfast' bij Omroep Max. Heb jij het gemist? Kijk dan snel terug via Uitzending Gemist.\",\"inLanguage\":\"nl-NL\",\"potentialAction\":[{\"@type\":\"ReadAction\",\"target\":[\"https:\\\/\\\/blog.bedandbreakfast.nl\\\/uitzending-gemist-aflevering-2-bed-en-breakfast-omroep-max\\\/\"]}]},{\"@type\":\"ImageObject\",\"inLanguage\":\"nl-NL\",\"@id\":\"https:\\\/\\\/blog.bedandbreakfast.nl\\\/uitzending-gemist-aflevering-2-bed-en-breakfast-omroep-max\\\/#primaryimage\",\"url\":\"https:\\\/\\\/blog.bedandbreakfast.nl\\\/wp-content\\\/uploads\\\/2017\\\/05\\\/Aflevering-2-Omroep-Max.png\",\"contentUrl\":\"https:\\\/\\\/blog.bedandbreakfast.nl\\\/wp-content\\\/uploads\\\/2017\\\/05\\\/Aflevering-2-Omroep-Max.png\",\"width\":697,\"height\":471,\"caption\":\"De deelnemers van Aflevering 2 'Bed en Breakfast' bij Omroep Max.\"},{\"@type\":\"WebSite\",\"@id\":\"https:\\\/\\\/blog.bedandbreakfast.nl\\\/#website\",\"url\":\"https:\\\/\\\/blog.bedandbreakfast.nl\\\/\",\"name\":\"Bed and Breakfast Blog | Inspirerende Bestemmingen en Unieke B&amp;B&#039;s\",\"description\":\"\",\"potentialAction\":[{\"@type\":\"SearchAction\",\"target\":{\"@type\":\"EntryPoint\",\"urlTemplate\":\"https:\\\/\\\/blog.bedandbreakfast.nl\\\/?s={search_term_string}\"},\"query-input\":{\"@type\":\"PropertyValueSpecification\",\"valueRequired\":true,\"valueName\":\"search_term_string\"}}],\"inLanguage\":\"nl-NL\"},{\"@type\":\"Person\",\"@id\":\"https:\\\/\\\/blog.bedandbreakfast.nl\\\/#\\\/schema\\\/person\\\/22e22d4c7a22d1938c83ace037cfc886\",\"name\":\"Rianne van de Pas\",\"image\":{\"@type\":\"ImageObject\",\"inLanguage\":\"nl-NL\",\"@id\":\"https:\\\/\\\/blog.bedandbreakfast.nl\\\/wp-content\\\/uploads\\\/2017\\\/12\\\/Foto-Rianne-96x96.jpg2ad561e247c989dfc9a60fea49841257\",\"url\":\"https:\\\/\\\/blog.bedandbreakfast.nl\\\/wp-content\\\/uploads\\\/2017\\\/12\\\/Foto-Rianne-96x96.jpg\",\"contentUrl\":\"https:\\\/\\\/blog.bedandbreakfast.nl\\\/wp-content\\\/uploads\\\/2017\\\/12\\\/Foto-Rianne-96x96.jpg\",\"caption\":\"Rianne van de Pas\"},\"description\":\"Reisfanaat en gek op kleinschalige accommodaties.\",\"url\":\"https:\\\/\\\/blog.bedandbreakfast.nl\\\/author\\\/rianne\\\/\"}]}<\/script>\n<!-- \/ Yoast SEO plugin. -->","yoast_head_json":{"title":"Uitzending Gemist: aflevering 2 'Bed en Breakfast' bij Omroep Max - Bed and Breakfast Blog | Inspirerende Bestemmingen en Unieke B&amp;B&#039;s","description":"Ruim 2,6 miljoen kijkers zagen zondag de 2e aflevering 'Bed en Breakfast' bij Omroep Max. Heb jij het gemist? Kijk dan snel terug via Uitzending Gemist.","robots":{"index":"index","follow":"follow","max-snippet":"max-snippet:-1","max-image-preview":"max-image-preview:large","max-video-preview":"max-video-preview:-1"},"canonical":"https:\/\/blog.bedandbreakfast.nl\/uitzending-gemist-aflevering-2-bed-en-breakfast-omroep-max\/","og_locale":"nl_NL","og_type":"article","og_title":"Uitzending Gemist: aflevering 2 'Bed en Breakfast' bij Omroep Max - Bed and Breakfast Blog | Inspirerende Bestemmingen en Unieke B&amp;B&#039;s","og_description":"Ruim 2,6 miljoen kijkers zagen zondag de 2e aflevering 'Bed en Breakfast' bij Omroep Max. Heb jij het gemist? Kijk dan snel terug via Uitzending Gemist.","og_url":"https:\/\/blog.bedandbreakfast.nl\/uitzending-gemist-aflevering-2-bed-en-breakfast-omroep-max\/","og_site_name":"Bed and Breakfast Blog | Inspirerende Bestemmingen en Unieke B&amp;B&#039;s","article_published_time":"2017-05-23T11:47:48+00:00","og_image":[{"width":697,"height":471,"url":"https:\/\/blog.bedandbreakfast.nl\/wp-content\/uploads\/2017\/05\/Aflevering-2-Omroep-Max.png","type":"image\/png"}],"author":"Rianne van de Pas","twitter_misc":{"Geschreven door":"Rianne van de Pas","Geschatte leestijd":"1 minuut","Written by":"Rianne van de Pas"},"schema":{"@context":"https:\/\/schema.org","@graph":[{"@type":"Article","@id":"https:\/\/blog.bedandbreakfast.nl\/uitzending-gemist-aflevering-2-bed-en-breakfast-omroep-max\/#article","isPartOf":{"@id":"https:\/\/blog.bedandbreakfast.nl\/uitzending-gemist-aflevering-2-bed-en-breakfast-omroep-max\/"},"author":{"name":"Rianne van de Pas","@id":"https:\/\/blog.bedandbreakfast.nl\/#\/schema\/person\/22e22d4c7a22d1938c83ace037cfc886"},"headline":"Uitzending Gemist: aflevering 2 &#8216;Bed en Breakfast&#8217; bij Omroep Max","datePublished":"2017-05-23T11:47:48+00:00","mainEntityOfPage":{"@id":"https:\/\/blog.bedandbreakfast.nl\/uitzending-gemist-aflevering-2-bed-en-breakfast-omroep-max\/"},"wordCount":203,"commentCount":0,"image":{"@id":"https:\/\/blog.bedandbreakfast.nl\/uitzending-gemist-aflevering-2-bed-en-breakfast-omroep-max\/#primaryimage"},"thumbnailUrl":"https:\/\/blog.bedandbreakfast.nl\/wp-content\/uploads\/2017\/05\/Aflevering-2-Omroep-Max.png","articleSection":["Algemeen"],"inLanguage":"nl-NL","potentialAction":[{"@type":"CommentAction","name":"Comment","target":["https:\/\/blog.bedandbreakfast.nl\/uitzending-gemist-aflevering-2-bed-en-breakfast-omroep-max\/#respond"]}]},{"@type":"WebPage","@id":"https:\/\/blog.bedandbreakfast.nl\/uitzending-gemist-aflevering-2-bed-en-breakfast-omroep-max\/","url":"https:\/\/blog.bedandbreakfast.nl\/uitzending-gemist-aflevering-2-bed-en-breakfast-omroep-max\/","name":"Uitzending Gemist: aflevering 2 'Bed en Breakfast' bij Omroep Max - Bed and Breakfast Blog | Inspirerende Bestemmingen en Unieke B&amp;B&#039;s","isPartOf":{"@id":"https:\/\/blog.bedandbreakfast.nl\/#website"},"primaryImageOfPage":{"@id":"https:\/\/blog.bedandbreakfast.nl\/uitzending-gemist-aflevering-2-bed-en-breakfast-omroep-max\/#primaryimage"},"image":{"@id":"https:\/\/blog.bedandbreakfast.nl\/uitzending-gemist-aflevering-2-bed-en-breakfast-omroep-max\/#primaryimage"},"thumbnailUrl":"https:\/\/blog.bedandbreakfast.nl\/wp-content\/uploads\/2017\/05\/Aflevering-2-Omroep-Max.png","datePublished":"2017-05-23T11:47:48+00:00","author":{"@id":"https:\/\/blog.bedandbreakfast.nl\/#\/schema\/person\/22e22d4c7a22d1938c83ace037cfc886"},"description":"Ruim 2,6 miljoen kijkers zagen zondag de 2e aflevering 'Bed en Breakfast' bij Omroep Max. Heb jij het gemist? Kijk dan snel terug via Uitzending Gemist.","inLanguage":"nl-NL","potentialAction":[{"@type":"ReadAction","target":["https:\/\/blog.bedandbreakfast.nl\/uitzending-gemist-aflevering-2-bed-en-breakfast-omroep-max\/"]}]},{"@type":"ImageObject","inLanguage":"nl-NL","@id":"https:\/\/blog.bedandbreakfast.nl\/uitzending-gemist-aflevering-2-bed-en-breakfast-omroep-max\/#primaryimage","url":"https:\/\/blog.bedandbreakfast.nl\/wp-content\/uploads\/2017\/05\/Aflevering-2-Omroep-Max.png","contentUrl":"https:\/\/blog.bedandbreakfast.nl\/wp-content\/uploads\/2017\/05\/Aflevering-2-Omroep-Max.png","width":697,"height":471,"caption":"De deelnemers van Aflevering 2 'Bed en Breakfast' bij Omroep Max."},{"@type":"WebSite","@id":"https:\/\/blog.bedandbreakfast.nl\/#website","url":"https:\/\/blog.bedandbreakfast.nl\/","name":"Bed and Breakfast Blog | Inspirerende Bestemmingen en Unieke B&amp;B&#039;s","description":"","potentialAction":[{"@type":"SearchAction","target":{"@type":"EntryPoint","urlTemplate":"https:\/\/blog.bedandbreakfast.nl\/?s={search_term_string}"},"query-input":{"@type":"PropertyValueSpecification","valueRequired":true,"valueName":"search_term_string"}}],"inLanguage":"nl-NL"},{"@type":"Person","@id":"https:\/\/blog.bedandbreakfast.nl\/#\/schema\/person\/22e22d4c7a22d1938c83ace037cfc886","name":"Rianne van de Pas","image":{"@type":"ImageObject","inLanguage":"nl-NL","@id":"https:\/\/blog.bedandbreakfast.nl\/wp-content\/uploads\/2017\/12\/Foto-Rianne-96x96.jpg2ad561e247c989dfc9a60fea49841257","url":"https:\/\/blog.bedandbreakfast.nl\/wp-content\/uploads\/2017\/12\/Foto-Rianne-96x96.jpg","contentUrl":"https:\/\/blog.bedandbreakfast.nl\/wp-content\/uploads\/2017\/12\/Foto-Rianne-96x96.jpg","caption":"Rianne van de Pas"},"description":"Reisfanaat en gek op kleinschalige accommodaties.","url":"https:\/\/blog.bedandbreakfast.nl\/author\/rianne\/"}]}},"jetpack_featured_media_url":"https:\/\/blog.bedandbreakfast.nl\/wp-content\/uploads\/2017\/05\/Aflevering-2-Omroep-Max.png","_links":{"self":[{"href":"https://www.bedandbreakfast.nl/blog/wp-json/wp\/v2\/posts\/16648","targetHints":{"allow":["GET"]}}],"collection":[{"href":"https://www.bedandbreakfast.nl/blog/wp-json/wp\/v2\/posts"}],"about":[{"href":"https://www.bedandbreakfast.nl/blog/wp-json/wp\/v2\/types\/post"}],"author":[{"embeddable":true,"href":"https://www.bedandbreakfast.nl/blog/wp-json/wp\/v2\/users\/7"}],"replies":[{"embeddable":true,"href":"https://www.bedandbreakfast.nl/blog/wp-json/wp\/v2\/comments?post=16648"}],"version-history":[{"count":4,"href":"https://www.bedandbreakfast.nl/blog/wp-json/wp\/v2\/posts\/16648\/revisions"}],"predecessor-version":[{"id":16653,"href":"https://www.bedandbreakfast.nl/blog/wp-json/wp\/v2\/posts\/16648\/revisions\/16653"}],"wp:featuredmedia":[{"embeddable":true,"href":"https://www.bedandbreakfast.nl/blog/wp-json/wp\/v2\/media\/16649"}],"wp:attachment":[{"href":"https://www.bedandbreakfast.nl/blog/wp-json/wp\/v2\/media?parent=16648"}],"wp:term":[{"taxonomy":"category","embeddable":true,"href":"https://www.bedandbreakfast.nl/blog/wp-json/wp\/v2\/categories?post=16648"},{"taxonomy":"post_tag","embeddable":true,"href":"https://www.bedandbreakfast.nl/blog/wp-json/wp\/v2\/tags?post=16648"},{"taxonomy":"author","embeddable":true,"href":"https://www.bedandbreakfast.nl/blog/wp-json/wp\/v2\/coauthors?post=16648"}],"curies":[{"name":"wp","href":"https:\/\/api.w.org\/{rel}","templated":true}]}}